{"id":2205,"date":"2016-01-03T18:53:29","date_gmt":"2016-01-04T00:53:29","guid":{"rendered":"http:\/\/riograndezac.gob.mx\/informatica\/?p=2205"},"modified":"2016-01-03T18:53:29","modified_gmt":"2016-01-04T00:53:29","slug":"programa-3-x-1","status":"publish","type":"post","link":"https:\/\/riograndezac.gob.mx\/informatica\/?p=2205","title":{"rendered":"Programa 3 x 1"},"content":{"rendered":"<p><a href=\"https:\/\/riograndezac.gob.mx\/informatica\/wp-content\/uploads\/2016\/01\/la-luz-2.jpg\" rel=\"attachment wp-att-2206\"><img loading=\"lazy\" decoding=\"async\" class=\"aligncenter size-full wp-image-2206\" src=\"https:\/\/riograndezac.gob.mx\/informatica\/wp-content\/uploads\/2016\/01\/la-luz-2.jpg\" alt=\"la luz (2)\" width=\"450\" height=\"581\" srcset=\"https:\/\/riograndezac.gob.mx\/informatica\/wp-content\/uploads\/2016\/01\/la-luz-2.jpg 450w, https:\/\/riograndezac.gob.mx\/informatica\/wp-content\/uploads\/2016\/01\/la-luz-2-232x300.jpg 232w, https:\/\/riograndezac.gob.mx\/informatica\/wp-content\/uploads\/2016\/01\/la-luz-2-19x24.jpg 19w, https:\/\/riograndezac.gob.mx\/informatica\/wp-content\/uploads\/2016\/01\/la-luz-2-28x36.jpg 28w, https:\/\/riograndezac.gob.mx\/informatica\/wp-content\/uploads\/2016\/01\/la-luz-2-37x48.jpg 37w\" sizes=\"auto, (max-width: 450px) 100vw, 450px\" \/><\/a><\/p>\n<p>\u201cEstamos iniciando el a\u00f1o con mucho trabajo, prueba de ello, es que vamos a hacerlo de la mano con los Clubes de Migrantes a trav\u00e9s del Programa del 3&#215;1, por lo que agradezco el respaldo del Club de Migrantes \u201cSanta Elena de Rio Grande\u201d, radicado en la Ciudad de Arlington, Texas, puesto que entre otras obras, nos respaldar\u00e1n para la ampliaci\u00f3n de la Capilla y construcci\u00f3n de la casa parroquial en el templo de la comunidad de la Luz, con una inversi\u00f3n total de 1 mill\u00f3n 477 mil pesos\u201d, dio a conocer el presidente riograndense, Constantino Casta\u00f1eda Mu\u00f1oz.<\/p>\n<p>&nbsp;<\/p>\n<p>\u201cLa transparencia con que hemos trabajado, se refleja en el respaldo que nos est\u00e1n dando distintos Clubes de Migrantes para llevar a cabo varias acciones a trav\u00e9s del programa para Migrantes 3&#215;1, por lo que para esta obra, el Club \u201cSanta Elena de R\u00edo Grande\u201d, presidido por Maybeth Mendoza Alvarado nos est\u00e1 avalando\u201d, manifest\u00f3.<\/p>\n<p>&nbsp;<\/p>\n<p>Casta\u00f1eda Mu\u00f1oz, se\u00f1al\u00f3 que \u201cesta obra de la ampliaci\u00f3n de la Capilla y construcci\u00f3n de la casa parroquial en el templo de la comunidad de la Luz, al ser construida por el programa del 3&#215;1, se dividir\u00e1 el monto total de 1 mill\u00f3n 477 mil 130 pesos, en cuatro partes iguales, que corresponde al 25 por ciento cada una de ellas, siendo 361 mil 782 pesos, con la cantidad que avala el Club, y que se reunir\u00eda con el respaldo de la poblaci\u00f3n de la comunidad de la Luz; otro 25%, la aportar\u00eda el Gobierno federal, el estatal y el \u00faltimo 25 por ciento, lo aportar\u00edamos nosotros como gobierno municipal\u201d.<\/p>\n<p>&nbsp;<\/p>\n<p>El primer mandatario, a\u00f1adi\u00f3 que \u201clo he dicho ya anteriormente que es importante se\u00f1alar el respaldo que nos dan los presidentes de las distintas federaciones, en este caso, Francisco \u00c1lvarez Calder\u00f3n de la Federaci\u00f3n Casa Zacatecas, nuestro cuasi paisano, quien aunque no es originario de R\u00edo Grande, sino del municipio vecino de Francisco Murgu\u00eda, sabemos que siempre ha tenido la disposici\u00f3n de apoyar a nuestra gente y el desarrollo de R\u00edo Grande\u201d, explic\u00f3.<\/p>\n","protected":false},"excerpt":{"rendered":"<p>\u201cEstamos iniciando el a\u00f1o con mucho trabajo, prueba de ello, es que vamos a hacerlo de la mano con los Clubes de Migrantes a trav\u00e9s del Programa del 3&#215;1, por lo que agradezco el respaldo del Club de Migrantes \u201cSanta Elena de Rio Grande\u201d<\/p>\n","protected":false},"author":1,"featured_media":2206,"comment_status":"closed","ping_status":"closed","sticky":false,"template":"","format":"standard","meta":{"_monsterinsights_skip_tracking":false,"_monsterinsights_sitenote_active":false,"_monsterinsights_sitenote_note":"","_monsterinsights_sitenote_category":0,"footnotes":""},"categories":[8],"tags":[12,18,58],"class_list":["post-2205","post","type-post","status-publish","format-standard","has-post-thumbnail","hentry","category-gobierno-municipal-rio-grande-zacatecas","tag-comunicacion-social","tag-gobierno-municipal-rio-grande","tag-zacatecas"],"jetpack_featured_media_url":"https:\/\/riograndezac.gob.mx\/informatica\/wp-content\/uploads\/2016\/01\/la-luz-2.jpg","_links":{"self":[{"href":"https:\/\/riograndezac.gob.mx\/informatica\/index.php?rest_route=\/wp\/v2\/posts\/2205","targetHints":{"allow":["GET"]}}],"collection":[{"href":"https:\/\/riograndezac.gob.mx\/informatica\/index.php?rest_route=\/wp\/v2\/posts"}],"about":[{"href":"https:\/\/riograndezac.gob.mx\/informatica\/index.php?rest_route=\/wp\/v2\/types\/post"}],"author":[{"embeddable":true,"href":"https:\/\/riograndezac.gob.mx\/informatica\/index.php?rest_route=\/wp\/v2\/users\/1"}],"replies":[{"embeddable":true,"href":"https:\/\/riograndezac.gob.mx\/informatica\/index.php?rest_route=%2Fwp%2Fv2%2Fcomments&post=2205"}],"version-history":[{"count":1,"href":"https:\/\/riograndezac.gob.mx\/informatica\/index.php?rest_route=\/wp\/v2\/posts\/2205\/revisions"}],"predecessor-version":[{"id":2207,"href":"https:\/\/riograndezac.gob.mx\/informatica\/index.php?rest_route=\/wp\/v2\/posts\/2205\/revisions\/2207"}],"wp:featuredmedia":[{"embeddable":true,"href":"https:\/\/riograndezac.gob.mx\/informatica\/index.php?rest_route=\/wp\/v2\/media\/2206"}],"wp:attachment":[{"href":"https:\/\/riograndezac.gob.mx\/informatica\/index.php?rest_route=%2Fwp%2Fv2%2Fmedia&parent=2205"}],"wp:term":[{"taxonomy":"category","embeddable":true,"href":"https:\/\/riograndezac.gob.mx\/informatica\/index.php?rest_route=%2Fwp%2Fv2%2Fcategories&post=2205"},{"taxonomy":"post_tag","embeddable":true,"href":"https:\/\/riograndezac.gob.mx\/informatica\/index.php?rest_route=%2Fwp%2Fv2%2Ftags&post=2205"}],"curies":[{"name":"wp","href":"https:\/\/api.w.org\/{rel}","templated":true}]}}