{"id":2211,"date":"2016-01-03T19:04:52","date_gmt":"2016-01-04T01:04:52","guid":{"rendered":"http:\/\/riograndezac.gob.mx\/informatica\/?p=2211"},"modified":"2016-01-03T19:04:52","modified_gmt":"2016-01-04T01:04:52","slug":"navidad-segura-3","status":"publish","type":"post","link":"https:\/\/riograndezac.gob.mx\/informatica\/?p=2211","title":{"rendered":"Navidad Segura"},"content":{"rendered":"<p><a href=\"https:\/\/riograndezac.gob.mx\/informatica\/wp-content\/uploads\/2015\/12\/presidenteCons.png\" rel=\"attachment wp-att-2159\"><img loading=\"lazy\" decoding=\"async\" class=\"aligncenter size-full wp-image-2159\" src=\"https:\/\/riograndezac.gob.mx\/informatica\/wp-content\/uploads\/2015\/12\/presidenteCons.png\" alt=\"presidenteCons\" width=\"581\" height=\"385\" srcset=\"https:\/\/riograndezac.gob.mx\/informatica\/wp-content\/uploads\/2015\/12\/presidenteCons.png 581w, https:\/\/riograndezac.gob.mx\/informatica\/wp-content\/uploads\/2015\/12\/presidenteCons-300x199.png 300w, https:\/\/riograndezac.gob.mx\/informatica\/wp-content\/uploads\/2015\/12\/presidenteCons-24x16.png 24w, https:\/\/riograndezac.gob.mx\/informatica\/wp-content\/uploads\/2015\/12\/presidenteCons-36x24.png 36w, https:\/\/riograndezac.gob.mx\/informatica\/wp-content\/uploads\/2015\/12\/presidenteCons-48x32.png 48w\" sizes=\"auto, (max-width: 581px) 100vw, 581px\" \/><\/a><\/p>\n<p>\u201cHemos estado las 24 horas del d\u00eda atentos con el programa de Navidad Segura, en donde participamos no solamente nosotros como Gobierno Municipal, sino tambi\u00e9n las corporaciones federales y estatales, con la firme intenci\u00f3n de salvaguardar a la poblaci\u00f3n en esta temporada tradicional\u201d, destac\u00f3 el primer mandatario de R\u00edo Grande, Constantino Casta\u00f1eda Mu\u00f1oz.<\/p>\n<p>&nbsp;<\/p>\n<p>\u201cDesde los primero d\u00edas de diciembre, estuvimos atentos a las diversas fiestas que hay en R\u00edo Grande, pues no debemos de olvidar que las actividades religiosas que son parte de las tradiciones y cultura de nuestro municipio, comienzan desde los primero d\u00edas, con las fiestas en comunidades como Jos\u00e9 Mar\u00eda Morelos, Loreto, Los Carrillo, adem\u00e1s de que en todas se celebra a la Virgen de Guadalupe, por ello, nosotros hemos estado pendientes a trav\u00e9s de Seguridad P\u00fablica y Protecci\u00f3n Civil\u201d, a\u00f1adi\u00f3.<\/p>\n<p>&nbsp;<\/p>\n<p>\u201cAmbas corporaciones han estado al cien por ciento, y por ello, mi reconocimiento, puesto que han atendido desde accidentes, incendios de pastizales; est\u00e1n en operativo permanente en las calles principales, tanto comerciales como en los bancos, y encima de todo esto, se han generado llamadas falsas que tambi\u00e9n han atendido\u201d, expuso Casta\u00f1eda Mu\u00f1oz.<\/p>\n<p>&nbsp;<\/p>\n<p>\u201cDurante el mes de diciembre que acaba de concluir y este mes de enero que estamos iniciando, pueden observar tanto en las colonias y comunidades, as\u00ed como en la misma cabecera municipal, elementos de las distintas corporaciones de seguridad como de la direcci\u00f3n de seguridad p\u00fablica, la Unidad de Protecci\u00f3n Civil, la delegaci\u00f3n de tr\u00e1nsito, la polic\u00eda estatal y federal, as\u00ed como el Ej\u00e9rcito Nacional Mexicano; el instituto de atenci\u00f3n al migrante, entre otros\u201d, refiri\u00f3.<\/p>\n<p>&nbsp;<\/p>\n<p>\u201cEstamos trabajando en plena coordinaci\u00f3n con el Grupo de Coordinaci\u00f3n Local (GCL), del Gobierno del Estado, obviamente, es programa que est\u00e1 siendo bueno y que est\u00e1 funcionando\u201d acot\u00f3 el primer mandatario.<\/p>\n<p>&nbsp;<\/p>\n<p>Casta\u00f1eda Mu\u00f1oz, se\u00f1al\u00f3 que \u201cseguimos atentos, sobre todo en estos d\u00edas en que muchos de nuestros paisanos regresan a sus lugares de residencia, a trav\u00e9s de este operativo, por lo que recuerdo el tel\u00e9fono del 066 para que realicen llamadas de emergencia y acudir de inmediato\u201d, finaliz\u00f3.<\/p>\n","protected":false},"excerpt":{"rendered":"<p>\u201cHemos estado las 24 horas del d\u00eda atentos con el programa de Navidad Segura, en donde participamos no solamente nosotros como Gobierno Municipal, sino tambi\u00e9n las corporaciones federales y estatales<\/p>\n","protected":false},"author":1,"featured_media":2159,"comment_status":"closed","ping_status":"closed","sticky":false,"template":"","format":"standard","meta":{"_monsterinsights_skip_tracking":false,"_monsterinsights_sitenote_active":false,"_monsterinsights_sitenote_note":"","_monsterinsights_sitenote_category":0,"footnotes":""},"categories":[4],"tags":[12,18],"class_list":["post-2211","post","type-post","status-publish","format-standard","has-post-thumbnail","hentry","category-boletines","tag-comunicacion-social","tag-gobierno-municipal-rio-grande"],"jetpack_featured_media_url":"https:\/\/riograndezac.gob.mx\/informatica\/wp-content\/uploads\/2015\/12\/presidenteCons.png","_links":{"self":[{"href":"https:\/\/riograndezac.gob.mx\/informatica\/index.php?rest_route=\/wp\/v2\/posts\/2211","targetHints":{"allow":["GET"]}}],"collection":[{"href":"https:\/\/riograndezac.gob.mx\/informatica\/index.php?rest_route=\/wp\/v2\/posts"}],"about":[{"href":"https:\/\/riograndezac.gob.mx\/informatica\/index.php?rest_route=\/wp\/v2\/types\/post"}],"author":[{"embeddable":true,"href":"https:\/\/riograndezac.gob.mx\/informatica\/index.php?rest_route=\/wp\/v2\/users\/1"}],"replies":[{"embeddable":true,"href":"https:\/\/riograndezac.gob.mx\/informatica\/index.php?rest_route=%2Fwp%2Fv2%2Fcomments&post=2211"}],"version-history":[{"count":1,"href":"https:\/\/riograndezac.gob.mx\/informatica\/index.php?rest_route=\/wp\/v2\/posts\/2211\/revisions"}],"predecessor-version":[{"id":2212,"href":"https:\/\/riograndezac.gob.mx\/informatica\/index.php?rest_route=\/wp\/v2\/posts\/2211\/revisions\/2212"}],"wp:featuredmedia":[{"embeddable":true,"href":"https:\/\/riograndezac.gob.mx\/informatica\/index.php?rest_route=\/wp\/v2\/media\/2159"}],"wp:attachment":[{"href":"https:\/\/riograndezac.gob.mx\/informatica\/index.php?rest_route=%2Fwp%2Fv2%2Fmedia&parent=2211"}],"wp:term":[{"taxonomy":"category","embeddable":true,"href":"https:\/\/riograndezac.gob.mx\/informatica\/index.php?rest_route=%2Fwp%2Fv2%2Fcategories&post=2211"},{"taxonomy":"post_tag","embeddable":true,"href":"https:\/\/riograndezac.gob.mx\/informatica\/index.php?rest_route=%2Fwp%2Fv2%2Ftags&post=2211"}],"curies":[{"name":"wp","href":"https:\/\/api.w.org\/{rel}","templated":true}]}}