{"id":2216,"date":"2016-01-04T16:44:14","date_gmt":"2016-01-04T22:44:14","guid":{"rendered":"http:\/\/riograndezac.gob.mx\/informatica\/?p=2216"},"modified":"2016-01-04T16:44:14","modified_gmt":"2016-01-04T22:44:14","slug":"guardias-2","status":"publish","type":"post","link":"https:\/\/riograndezac.gob.mx\/informatica\/?p=2216","title":{"rendered":"guardias"},"content":{"rendered":"<p><a href=\"https:\/\/riograndezac.gob.mx\/informatica\/wp-content\/uploads\/2016\/01\/oficial-mayor.png\" rel=\"attachment wp-att-2217\"><img loading=\"lazy\" decoding=\"async\" class=\"aligncenter size-full wp-image-2217\" src=\"https:\/\/riograndezac.gob.mx\/informatica\/wp-content\/uploads\/2016\/01\/oficial-mayor.png\" alt=\"oficial mayor\" width=\"700\" height=\"390\" srcset=\"https:\/\/riograndezac.gob.mx\/informatica\/wp-content\/uploads\/2016\/01\/oficial-mayor.png 700w, https:\/\/riograndezac.gob.mx\/informatica\/wp-content\/uploads\/2016\/01\/oficial-mayor-300x167.png 300w, https:\/\/riograndezac.gob.mx\/informatica\/wp-content\/uploads\/2016\/01\/oficial-mayor-24x13.png 24w, https:\/\/riograndezac.gob.mx\/informatica\/wp-content\/uploads\/2016\/01\/oficial-mayor-36x20.png 36w, https:\/\/riograndezac.gob.mx\/informatica\/wp-content\/uploads\/2016\/01\/oficial-mayor-48x27.png 48w\" sizes=\"auto, (max-width: 700px) 100vw, 700px\" \/><\/a><\/p>\n<p>Hoy martes se regularizan los horarios de servicios en la presidencia municipal a partir de las 8:30 de la ma\u00f1ana hasta las 3:30 de la tarde, inform\u00f3 el Oficial Mayor, Manuel Mendoza Z\u00fa\u00f1iga.<\/p>\n<p>&nbsp;<\/p>\n<p>Por indicaciones del presidente municipal Constantino Casta\u00f1eda Mu\u00f1oz y de acuerdo con los reglamentos correspondientes como la Ley Federal del Trabajo y la Ley del Servicio Civil, el personal regresa con la finalidad de agilizar las actividades operacionales de la alcald\u00eda, este 5 de enero se regularizan las actividades en todos los departamentos al interior del edificio, sin dejar de lado que durante este periodo vacacional se cont\u00f3 con el servicio de guardias en los principales departamentos y oficinas.<\/p>\n<p>&nbsp;<\/p>\n<p>La direcci\u00f3n de seguridad publica brind\u00f3 el servicio permanente durante los d\u00edas de asueto y en los diferentes eventos masivos que se realizaron; en la Unidad de protecci\u00f3n civil y bomberos estuvo atento a los llamados de las emergencias que se suscitaron, a la vez que de la mano con el m\u00f3dulo de atenci\u00f3n al migrante estos dos departamentos ofrecieron el servicio permanentemente.<\/p>\n<p>&nbsp;<\/p>\n<p>Por parte del departamento del Rastro municipal, no se dej\u00f3 de brindar el servicio a los comercios establecidos ni a los particulares que lo solicitaron, todo se llev\u00f3 de la mejor manera y con toda la responsabilidad; por parte del registro civil y panteones estuvieron al pendiente con las guardias para poder atender las situaciones que pudieran presentarse como los nacimientos, defunciones, matrimonios entre otros.<\/p>\n<p>&nbsp;<\/p>\n<p>Por parte del departamento de comercio, se trabaj\u00f3 coordinadamente para brindar el servicio a los comerciantes y a los estacionamientos p\u00fablicos; reconocer el trabajo del SIMAPARG pues tambi\u00e9n han cumplido con sus obligaciones laborales al rolar al personal para no dejar desprotegido el servicio de agua potable, as\u00ed que pues este martes nuevamente el servicio se reanuda con normalidad para todos los departamentos que conforman esta administraci\u00f3n.<\/p>\n<p>&nbsp;<\/p>\n<p>Nuevamente extendimos la recomendaci\u00f3n a los directores y jefes de departamento para redoblar el esfuerzo y hacer nuestro mejor trabajo en conjunto con los trabajadores, refrendar nuestro compromiso con la ciudadan\u00eda y comentarles que comenzamos el a\u00f1o con el pie derecho, pues vienen obras importantes y unas m\u00e1s que entregar para el beneficio de la poblaci\u00f3n, pues es hasta el pr\u00f3ximo mes de septiembre cuando habremos de terminar el periodo del 2013-2016.<\/p>\n","protected":false},"excerpt":{"rendered":"<p>Hoy martes se regularizan los horarios de servicios en la presidencia municipal a partir de las 8:30 de la ma\u00f1ana hasta las 3:30 de la tarde, inform\u00f3 el Oficial Mayor, Manuel Mendoza Z\u00fa\u00f1iga.<\/p>\n","protected":false},"author":1,"featured_media":2217,"comment_status":"closed","ping_status":"closed","sticky":false,"template":"","format":"standard","meta":{"_monsterinsights_skip_tracking":false,"_monsterinsights_sitenote_active":false,"_monsterinsights_sitenote_note":"","_monsterinsights_sitenote_category":0,"footnotes":""},"categories":[5],"tags":[12],"class_list":["post-2216","post","type-post","status-publish","format-standard","has-post-thumbnail","hentry","category-destacados","tag-comunicacion-social"],"jetpack_featured_media_url":"https:\/\/riograndezac.gob.mx\/informatica\/wp-content\/uploads\/2016\/01\/oficial-mayor.png","_links":{"self":[{"href":"https:\/\/riograndezac.gob.mx\/informatica\/index.php?rest_route=\/wp\/v2\/posts\/2216","targetHints":{"allow":["GET"]}}],"collection":[{"href":"https:\/\/riograndezac.gob.mx\/informatica\/index.php?rest_route=\/wp\/v2\/posts"}],"about":[{"href":"https:\/\/riograndezac.gob.mx\/informatica\/index.php?rest_route=\/wp\/v2\/types\/post"}],"author":[{"embeddable":true,"href":"https:\/\/riograndezac.gob.mx\/informatica\/index.php?rest_route=\/wp\/v2\/users\/1"}],"replies":[{"embeddable":true,"href":"https:\/\/riograndezac.gob.mx\/informatica\/index.php?rest_route=%2Fwp%2Fv2%2Fcomments&post=2216"}],"version-history":[{"count":1,"href":"https:\/\/riograndezac.gob.mx\/informatica\/index.php?rest_route=\/wp\/v2\/posts\/2216\/revisions"}],"predecessor-version":[{"id":2218,"href":"https:\/\/riograndezac.gob.mx\/informatica\/index.php?rest_route=\/wp\/v2\/posts\/2216\/revisions\/2218"}],"wp:featuredmedia":[{"embeddable":true,"href":"https:\/\/riograndezac.gob.mx\/informatica\/index.php?rest_route=\/wp\/v2\/media\/2217"}],"wp:attachment":[{"href":"https:\/\/riograndezac.gob.mx\/informatica\/index.php?rest_route=%2Fwp%2Fv2%2Fmedia&parent=2216"}],"wp:term":[{"taxonomy":"category","embeddable":true,"href":"https:\/\/riograndezac.gob.mx\/informatica\/index.php?rest_route=%2Fwp%2Fv2%2Fcategories&post=2216"},{"taxonomy":"post_tag","embeddable":true,"href":"https:\/\/riograndezac.gob.mx\/informatica\/index.php?rest_route=%2Fwp%2Fv2%2Ftags&post=2216"}],"curies":[{"name":"wp","href":"https:\/\/api.w.org\/{rel}","templated":true}]}}