{"id":2219,"date":"2016-01-04T16:47:55","date_gmt":"2016-01-04T22:47:55","guid":{"rendered":"http:\/\/riograndezac.gob.mx\/informatica\/?p=2219"},"modified":"2016-01-04T16:47:55","modified_gmt":"2016-01-04T22:47:55","slug":"paisanos","status":"publish","type":"post","link":"https:\/\/riograndezac.gob.mx\/informatica\/?p=2219","title":{"rendered":"paisanos"},"content":{"rendered":"<p><a href=\"https:\/\/riograndezac.gob.mx\/informatica\/wp-content\/uploads\/2016\/01\/gerardo-de-la-rosa-peralta.png\" rel=\"attachment wp-att-2220\"><img loading=\"lazy\" decoding=\"async\" class=\"aligncenter size-full wp-image-2220\" src=\"https:\/\/riograndezac.gob.mx\/informatica\/wp-content\/uploads\/2016\/01\/gerardo-de-la-rosa-peralta.png\" alt=\"gerardo de la rosa peralta\" width=\"599\" height=\"644\" srcset=\"https:\/\/riograndezac.gob.mx\/informatica\/wp-content\/uploads\/2016\/01\/gerardo-de-la-rosa-peralta.png 599w, https:\/\/riograndezac.gob.mx\/informatica\/wp-content\/uploads\/2016\/01\/gerardo-de-la-rosa-peralta-279x300.png 279w, https:\/\/riograndezac.gob.mx\/informatica\/wp-content\/uploads\/2016\/01\/gerardo-de-la-rosa-peralta-22x24.png 22w, https:\/\/riograndezac.gob.mx\/informatica\/wp-content\/uploads\/2016\/01\/gerardo-de-la-rosa-peralta-33x36.png 33w, https:\/\/riograndezac.gob.mx\/informatica\/wp-content\/uploads\/2016\/01\/gerardo-de-la-rosa-peralta-45x48.png 45w\" sizes=\"auto, (max-width: 599px) 100vw, 599px\" \/><\/a><\/p>\n<p>Gerardo de la Rosa Peralta, originario de R\u00edo Grande, radicado en el Distrito Federal, tras visitar a su tierra natal con motivo de la temporada navide\u00f1a, se\u00f1al\u00f3 que \u201cme voy contento de ver un progreso en R\u00edo Grande, que va por etapas, pero se marca el cambio que hace unos 15 a\u00f1os no se ve\u00eda\u201d.<\/p>\n<p>&nbsp;<\/p>\n<p>De la Rosa Peralta describi\u00f3 que \u201csoy orgullosamente de R\u00edo Grande y sal\u00ed de mi municipio en 1996; el Distrito Federal, es una ciudad muy bonita, pero definitivamente no se puede cambiar por nuestra tierra, a final de cuentas las ra\u00edces de nuestro pueblo nos llaman\u201d.<\/p>\n<p>&nbsp;<\/p>\n<p>\u201cYo visito de manera constante R\u00edo Grande, hasta 4 veces por a\u00f1o, y durante estos dos \u00faltimos a\u00f1os, me da mucho gusto llegar y encontrarme con que las principales calles est\u00e1n pavimentadas recientemente, he encontrado alumbrado p\u00fablico nuevo en las calles principales, conociendo las nuevas colonias de nuestra ciudad he visto que tambi\u00e9n han crecido, en alumbrado y pavimentaci\u00f3n, me he dado cuenta de que a las escuelas se les est\u00e1n construyendo los domos, tanto en cabecera como en comunidades, he visto como han avanzado\u201d, expuso.<\/p>\n<p>&nbsp;<\/p>\n<p>Describi\u00f3 que \u201che escuchado comentarios tambi\u00e9n de las personas de aqu\u00ed de la regi\u00f3n, de c\u00f3mo han llegado a sus comunidades los pozos de agua que antes no los hab\u00eda, y pues da much\u00edsimo gusto saber que est\u00e1n d\u00e1ndose cambios en nuestro pueblo\u201d.<\/p>\n<p>&nbsp;<\/p>\n<p>\u201cEn lo personal, puedo decir que por lo menos hace unos 15 a\u00f1os no se ve\u00edan cambios, como los que estamos empezando a ver recientemente, y la verdad es que es muy bonito ver esto, porque cuando regresamos encontramos un progreso, que obviamente es por etapas, no se puede cambiar todo en tan poco tiempo, pero en estos dos a\u00f1os se ha visto, e incluso he escuchado a otros paisanos que vienen y les parecen muy buenos los cambios que se est\u00e1n dando\u201d, dijo.<\/p>\n<p>&nbsp;<\/p>\n<p>\u201cRegreso muy contento y muy satisfecho, como cada vez que vengo, primeramente por ver a la familia, a los viejos amigos, y pues tambi\u00e9n de saber que estamos dejando un R\u00edo Grande en proceso de cambio, de buenos cambios\u201d, refiri\u00f3.<\/p>\n<p>&nbsp;<\/p>\n<p>\u201cOtro de los temas que han sido de gran importancia, es el tema de la basura, pues vi un R\u00edo Grande m\u00e1s limpio que en otras ocasiones, siendo sinceros, aunque por naturaleza vemos el polvo o las ramas de los \u00e1rboles por la regi\u00f3n donde vivimos, pero en realidad, de basura generada por la ciudadan\u00eda, se ve un R\u00edo Grande con atenci\u00f3n\u201d, acot\u00f3 de la Rosa Peralta.<\/p>\n<p>&nbsp;<\/p>\n<p>\u201cEscuchaba una emisora de radio a trav\u00e9s del internet, donde comentaban que R\u00edo Grande estaba en los primeros lugares a nivel estatal en cuanto al servicio del agua potable y alcantarillado; es bueno escuchar los comentarios de nuestra gente que dice que ahora si acuden a pagar con gusto su servicio, precisamente porque es un servicio bueno, ya no es como antes que escuch\u00e1bamos que se iba a pagar por recibir s\u00f3lo aire\u201d, se\u00f1al\u00f3.<\/p>\n<p>&nbsp;<\/p>\n<p>\u201cNo hay comparaci\u00f3n porque nuestro R\u00edo Grande es \u00fanico, en donde vivo siempre estamos contra reloj, aqu\u00ed, a\u00fan hay mucha paz, tranquilidad, hay tiempo hasta para tener una recreaci\u00f3n, un descanso, definitivamente\u201d, a\u00f1adi\u00f3.<\/p>\n<p>&nbsp;<\/p>\n<p>As\u00ed mismo, en el tema de seguridad De la Rosa Peralta, expuso que \u201cescuch\u00e9 algunos comentarios en donde quiz\u00e1 no todos estamos de acuerdo, hay quien opina que est\u00e1 bien y quien opina que no. En cuesti\u00f3n de seguridad, me comentaban que no existe la libertad de tomar alcohol como antes se hac\u00eda en las calles, en nuestro Malec\u00f3n, que era pr\u00e1cticamente una cantina a ciertas horas del d\u00eda, en lo personal, me parece muy bien que esta situaci\u00f3n se est\u00e9 terminando, es por el bien de la misma ciudadan\u00eda, que el consumo sea responsable, que haya l\u00edmites establecidos para el tema del consumo, que si vamos a ingerir bebidas sea en nuestra casa o bien en lugares apropiados para ello, y no en un lugar p\u00fablico, donde tambi\u00e9n las familias acuden a hacer uso de ese espacio, y muchas veces las mismas familias se limitaban precisamente por el detalle de los excesos que en tiempos pasados se permit\u00edan\u201d.<\/p>\n<p>&nbsp;<\/p>\n<p>\u201cDefinitivamente, con m\u00e1s raz\u00f3n estar\u00e9 diciendo a mis amigos y familia que visiten R\u00edo Grande, no precisamente en temporada vacacional, cualquier periodo es bueno para estar aqu\u00ed, es bueno que vengamos a ver los cambios que hay en nuestro municipio\u201d, finaliz\u00f3.<\/p>\n","protected":false},"excerpt":{"rendered":"<p>Gerardo de la Rosa Peralta, originario de R\u00edo Grande, radicado en el Distrito Federal, tras visitar a su tierra natal con motivo de la temporada navide\u00f1a, se\u00f1al\u00f3 que \u201cme voy contento de ver un progreso en R\u00edo Grande, que va por etapas, pero se marca el cambio que hace unos 15 a\u00f1os no se ve\u00eda\u201d.<\/p>\n","protected":false},"author":1,"featured_media":2220,"comment_status":"closed","ping_status":"closed","sticky":false,"template":"","format":"standard","meta":{"_monsterinsights_skip_tracking":false,"_monsterinsights_sitenote_active":false,"_monsterinsights_sitenote_note":"","_monsterinsights_sitenote_category":0,"footnotes":""},"categories":[5],"tags":[12,3,18],"class_list":["post-2219","post","type-post","status-publish","format-standard","has-post-thumbnail","hentry","category-destacados","tag-comunicacion-social","tag-content-slide","tag-gobierno-municipal-rio-grande"],"jetpack_featured_media_url":"https:\/\/riograndezac.gob.mx\/informatica\/wp-content\/uploads\/2016\/01\/gerardo-de-la-rosa-peralta.png","_links":{"self":[{"href":"https:\/\/riograndezac.gob.mx\/informatica\/index.php?rest_route=\/wp\/v2\/posts\/2219","targetHints":{"allow":["GET"]}}],"collection":[{"href":"https:\/\/riograndezac.gob.mx\/informatica\/index.php?rest_route=\/wp\/v2\/posts"}],"about":[{"href":"https:\/\/riograndezac.gob.mx\/informatica\/index.php?rest_route=\/wp\/v2\/types\/post"}],"author":[{"embeddable":true,"href":"https:\/\/riograndezac.gob.mx\/informatica\/index.php?rest_route=\/wp\/v2\/users\/1"}],"replies":[{"embeddable":true,"href":"https:\/\/riograndezac.gob.mx\/informatica\/index.php?rest_route=%2Fwp%2Fv2%2Fcomments&post=2219"}],"version-history":[{"count":1,"href":"https:\/\/riograndezac.gob.mx\/informatica\/index.php?rest_route=\/wp\/v2\/posts\/2219\/revisions"}],"predecessor-version":[{"id":2221,"href":"https:\/\/riograndezac.gob.mx\/informatica\/index.php?rest_route=\/wp\/v2\/posts\/2219\/revisions\/2221"}],"wp:featuredmedia":[{"embeddable":true,"href":"https:\/\/riograndezac.gob.mx\/informatica\/index.php?rest_route=\/wp\/v2\/media\/2220"}],"wp:attachment":[{"href":"https:\/\/riograndezac.gob.mx\/informatica\/index.php?rest_route=%2Fwp%2Fv2%2Fmedia&parent=2219"}],"wp:term":[{"taxonomy":"category","embeddable":true,"href":"https:\/\/riograndezac.gob.mx\/informatica\/index.php?rest_route=%2Fwp%2Fv2%2Fcategories&post=2219"},{"taxonomy":"post_tag","embeddable":true,"href":"https:\/\/riograndezac.gob.mx\/informatica\/index.php?rest_route=%2Fwp%2Fv2%2Ftags&post=2219"}],"curies":[{"name":"wp","href":"https:\/\/api.w.org\/{rel}","templated":true}]}}