{"id":2225,"date":"2016-01-05T21:58:17","date_gmt":"2016-01-06T03:58:17","guid":{"rendered":"http:\/\/riograndezac.gob.mx\/informatica\/?p=2225"},"modified":"2016-01-05T21:58:17","modified_gmt":"2016-01-06T03:58:17","slug":"frio-2","status":"publish","type":"post","link":"https:\/\/riograndezac.gob.mx\/informatica\/?p=2225","title":{"rendered":"Fr\u00edo"},"content":{"rendered":"<p><a href=\"https:\/\/riograndezac.gob.mx\/informatica\/wp-content\/uploads\/2016\/01\/FRIO.jpg\" rel=\"attachment wp-att-2226\"><img loading=\"lazy\" decoding=\"async\" class=\"aligncenter size-full wp-image-2226\" src=\"https:\/\/riograndezac.gob.mx\/informatica\/wp-content\/uploads\/2016\/01\/FRIO.jpg\" alt=\"FRIO\" width=\"700\" height=\"466\" srcset=\"https:\/\/riograndezac.gob.mx\/informatica\/wp-content\/uploads\/2016\/01\/FRIO.jpg 700w, https:\/\/riograndezac.gob.mx\/informatica\/wp-content\/uploads\/2016\/01\/FRIO-300x200.jpg 300w, https:\/\/riograndezac.gob.mx\/informatica\/wp-content\/uploads\/2016\/01\/FRIO-24x16.jpg 24w, https:\/\/riograndezac.gob.mx\/informatica\/wp-content\/uploads\/2016\/01\/FRIO-36x24.jpg 36w, https:\/\/riograndezac.gob.mx\/informatica\/wp-content\/uploads\/2016\/01\/FRIO-48x32.jpg 48w\" sizes=\"auto, (max-width: 700px) 100vw, 700px\" \/><\/a><\/p>\n<p>\u201cEst\u00e1 por ingresar el frente fr\u00edo n\u00famero 26 a territorio nacional, que ocasionar\u00eda un descenso en las temperaturas, pero no se prev\u00e9 que sea tan dr\u00e1stico, sino que alcanzar\u00eda entre 4 a 6 grados cent\u00edgrados en las temperaturas m\u00ednimas de la regi\u00f3n de R\u00edo Grande para el jueves por la ma\u00f1ana y de 2 a 3 grados para el viernes, por lo que invitamos a la poblaci\u00f3n para que tome las precauciones pertinentes\u201d, se\u00f1al\u00f3 el primer mandatario Constantino Casta\u00f1eda Mu\u00f1oz.<\/p>\n<p>&nbsp;<\/p>\n<p>&#8220;No traer\u00eda consecuencias en cuanto al incremento en la velocidad del viento porque tenemos ahorita temperaturas fr\u00edas, entonces no ser\u00eda mucho la diferencia de temperaturas, pero s\u00ed se espera que traiga precipitaciones ligeras para el viernes por la noche o s\u00e1bado por la ma\u00f1ana, menores a los 10 mil\u00edmetros&#8221;, indic\u00f3 el alcalde, de acuerdo a la informaci\u00f3n de la Unidad Municipal de Protecci\u00f3n Civil y Bomberos, as\u00ed como de las dependencias como la Comisi\u00f3n Nacional del Agua, la Direcci\u00f3n de Protecci\u00f3n Civil del Estado, entre otras.<\/p>\n<p>&nbsp;<\/p>\n<p>Se prev\u00e9 que el cielo se despeje hacia las horas de la noche y se descartan heladas al menos durante los pr\u00f3ximos 10 d\u00edas; pero bajar\u00edan a\u00fan m\u00e1s las temperaturas hasta despu\u00e9s del 14 o 15 de enero cuando se resienta la presencia del frente fr\u00edo n\u00famero 27 o la masa de aire continental polar que impulsa al frente 26.<\/p>\n<p>&nbsp;<\/p>\n<p>Casta\u00f1eda Mu\u00f1oz, dijo que de acuerdo a los informes, se espera contar con 2 a 3 frentes fr\u00edos a\u00fan de consideraci\u00f3n, por lo que pudieran registrarse temperaturas cercanas a los 0 grados cent\u00edgrados para luego del 20 de enero.<\/p>\n<p>&nbsp;<\/p>\n<p>Enfatiz\u00f3 que las dependencias federales, estatales y municipales, han estado haciendo lo necesario para darle difusi\u00f3n a las\u00a0medidas preventivas\u00a0para\u00a0la temporada invernal, con el objetivo de evitar situaciones que pongan en\u00a0riesgo la vida\u00a0y el entorno de la ciudadan\u00eda\u201d<\/p>\n<p>&nbsp;<\/p>\n<p>En este sentido, dijo que \u201clas corporaciones de Protecci\u00f3n Civil y Bomberos, Seguridad P\u00fablica,\u00a0DIF Municipal, entre otros, est\u00e1n atentos, puesto que el descenso de las temperaturas en R\u00edo\u00a0Grande, ser\u00e1 muy marcado debido a la entrada del frente fr\u00edo n\u00famero 26.<\/p>\n<p>&nbsp;<\/p>\n<p>El primer mandatario, finaliz\u00f3 recordando que\u00a0los tel\u00e9fonos\u00a0de emergencia, est\u00e1n disponibles para que la poblaci\u00f3n pida el respaldo de las corporaciones de seguridad que requieran, el 066 del Sistema de Emergencia.<\/p>\n","protected":false},"excerpt":{"rendered":"<p>\u201cEst\u00e1 por ingresar el frente fr\u00edo n\u00famero 26 a territorio nacional, que ocasionar\u00eda un descenso en las temperaturas, pero no se prev\u00e9 que sea tan dr\u00e1stico, sino que alcanzar\u00eda entre 4 a 6 grados cent\u00edgrados en las temperaturas m\u00ednimas de la regi\u00f3n de R\u00edo Grande<\/p>\n","protected":false},"author":1,"featured_media":2226,"comment_status":"closed","ping_status":"closed","sticky":false,"template":"","format":"standard","meta":{"_monsterinsights_skip_tracking":false,"_monsterinsights_sitenote_active":false,"_monsterinsights_sitenote_note":"","_monsterinsights_sitenote_category":0,"footnotes":""},"categories":[5],"tags":[12],"class_list":["post-2225","post","type-post","status-publish","format-standard","has-post-thumbnail","hentry","category-destacados","tag-comunicacion-social"],"jetpack_featured_media_url":"https:\/\/riograndezac.gob.mx\/informatica\/wp-content\/uploads\/2016\/01\/FRIO.jpg","_links":{"self":[{"href":"https:\/\/riograndezac.gob.mx\/informatica\/index.php?rest_route=\/wp\/v2\/posts\/2225","targetHints":{"allow":["GET"]}}],"collection":[{"href":"https:\/\/riograndezac.gob.mx\/informatica\/index.php?rest_route=\/wp\/v2\/posts"}],"about":[{"href":"https:\/\/riograndezac.gob.mx\/informatica\/index.php?rest_route=\/wp\/v2\/types\/post"}],"author":[{"embeddable":true,"href":"https:\/\/riograndezac.gob.mx\/informatica\/index.php?rest_route=\/wp\/v2\/users\/1"}],"replies":[{"embeddable":true,"href":"https:\/\/riograndezac.gob.mx\/informatica\/index.php?rest_route=%2Fwp%2Fv2%2Fcomments&post=2225"}],"version-history":[{"count":1,"href":"https:\/\/riograndezac.gob.mx\/informatica\/index.php?rest_route=\/wp\/v2\/posts\/2225\/revisions"}],"predecessor-version":[{"id":2227,"href":"https:\/\/riograndezac.gob.mx\/informatica\/index.php?rest_route=\/wp\/v2\/posts\/2225\/revisions\/2227"}],"wp:featuredmedia":[{"embeddable":true,"href":"https:\/\/riograndezac.gob.mx\/informatica\/index.php?rest_route=\/wp\/v2\/media\/2226"}],"wp:attachment":[{"href":"https:\/\/riograndezac.gob.mx\/informatica\/index.php?rest_route=%2Fwp%2Fv2%2Fmedia&parent=2225"}],"wp:term":[{"taxonomy":"category","embeddable":true,"href":"https:\/\/riograndezac.gob.mx\/informatica\/index.php?rest_route=%2Fwp%2Fv2%2Fcategories&post=2225"},{"taxonomy":"post_tag","embeddable":true,"href":"https:\/\/riograndezac.gob.mx\/informatica\/index.php?rest_route=%2Fwp%2Fv2%2Ftags&post=2225"}],"curies":[{"name":"wp","href":"https:\/\/api.w.org\/{rel}","templated":true}]}}