{"id":2231,"date":"2016-01-06T18:05:01","date_gmt":"2016-01-07T00:05:01","guid":{"rendered":"http:\/\/riograndezac.gob.mx\/informatica\/?p=2231"},"modified":"2016-01-06T18:05:01","modified_gmt":"2016-01-07T00:05:01","slug":"alameda","status":"publish","type":"post","link":"https:\/\/riograndezac.gob.mx\/informatica\/?p=2231","title":{"rendered":"Alameda"},"content":{"rendered":"<p><a href=\"https:\/\/riograndezac.gob.mx\/informatica\/wp-content\/uploads\/2016\/01\/alameda-1.png\" rel=\"attachment wp-att-2232\"><img loading=\"lazy\" decoding=\"async\" class=\"aligncenter size-full wp-image-2232\" src=\"https:\/\/riograndezac.gob.mx\/informatica\/wp-content\/uploads\/2016\/01\/alameda-1.png\" alt=\"alameda (1)\" width=\"700\" height=\"463\" srcset=\"https:\/\/riograndezac.gob.mx\/informatica\/wp-content\/uploads\/2016\/01\/alameda-1.png 700w, https:\/\/riograndezac.gob.mx\/informatica\/wp-content\/uploads\/2016\/01\/alameda-1-300x198.png 300w, https:\/\/riograndezac.gob.mx\/informatica\/wp-content\/uploads\/2016\/01\/alameda-1-24x16.png 24w, https:\/\/riograndezac.gob.mx\/informatica\/wp-content\/uploads\/2016\/01\/alameda-1-36x24.png 36w, https:\/\/riograndezac.gob.mx\/informatica\/wp-content\/uploads\/2016\/01\/alameda-1-48x32.png 48w\" sizes=\"auto, (max-width: 700px) 100vw, 700px\" \/><\/a><\/p>\n<p>\u201cYa en un 95 por ciento va la obra de la remodelaci\u00f3n del Parque Central \u201cLa Alameda\u201d de R\u00edo Grande, por lo que se concluye el pr\u00f3ximo viernes 15 de enero\u201d, se\u00f1al\u00f3 el primer mandatario Constantino Casta\u00f1eda Mu\u00f1oz.<\/p>\n<p>&nbsp;<\/p>\n<p>\u201cEsta obra, es construida con 2 millones 700 mil pesos, recurso convenido entre el municipio y la Secretar\u00eda de Desarrollo Agrario Territorial y Urbano, (SEDATU), en donde la dependencia federal aporta el 50 por ciento, y el municipio, a trav\u00e9s del Fondo IV, la misma aportaci\u00f3n, la cual fue aprobada por el pleno del Cabildo\u201d, describi\u00f3 Casta\u00f1eda Mu\u00f1oz.<\/p>\n<p>&nbsp;<\/p>\n<p>As\u00ed mismo, dijo que \u201cya est\u00e1 instalada el \u00e1rea infantil con juegos para las y los ni\u00f1os riograndenses, un teatro al aire libre para albergar cerca de 200 personas en eventos culturales y art\u00edsticos, los aparatos que conforman el gimnasio al aire libre\u201d.<\/p>\n<p>&nbsp;<\/p>\n<p>De igual manera, est\u00e1n instalados m\u00e1s de 2 mil metros cuadrados de pasto tipo kikuyo, aproximadamente, con sistema de riego por aspersores, as\u00ed como 19 bancas; se construy\u00f3 la boca de tormenta con tuber\u00eda de 24 pulgadas, corrugada, y una longitud de aproximadamente 70 metros.<\/p>\n<p>&nbsp;<\/p>\n<p>Se est\u00e1n instalando botes de basura en todas las instalaciones de la Alameda, adem\u00e1s de que ya se coloc\u00f3 la iluminaci\u00f3n tipo led la cual ya funciona, al igual que la fuente; durante esta semana, se colocar\u00e1 entre otras cosas la se\u00f1al\u00e9tica para un mejor funcionamiento.<\/p>\n<p>&nbsp;<\/p>\n<p>Casta\u00f1eda Mu\u00f1oz, se\u00f1al\u00f3 que los andadores tienen concreto que incluyen tambi\u00e9n los accesos en ascenso y descenso con rampas para personas con alguna discapacidad, por lo cual sin duda es un proyecto integral, que ser<\/p>\n<p>&nbsp;<\/p>\n<p>Agreg\u00f3 que \u201cdebemos de reconocer ampliamente la mano de obra local, pues este fue un compromiso que adquirimos al llegar a esta administraci\u00f3n, nos comprometimos a darle trabajo a nuestra gente\u201d.<\/p>\n<p>&nbsp;<\/p>\n<p>El primer mandatario riograndense, refiri\u00f3 que este recurso procedente del programa de Rescate de Espacios P\u00fablicos de la SEDATU, debido a que desde su construcci\u00f3n este lugar conocido por todos los riograndenses no hab\u00eda tenido una rehabilitaci\u00f3n integral en su totalidad, por ello agradecer el respaldo de la poblaci\u00f3n pues sin duda un beneficio que es para todos.<\/p>\n","protected":false},"excerpt":{"rendered":"<p>\u201cYa en un 95 por ciento va la obra de la remodelaci\u00f3n del Parque Central \u201cLa Alameda\u201d de R\u00edo Grande, por lo que se concluye el pr\u00f3ximo viernes 15 de enero\u201d, se\u00f1al\u00f3 el primer mandatario Constantino Casta\u00f1eda Mu\u00f1oz.<\/p>\n","protected":false},"author":1,"featured_media":2232,"comment_status":"closed","ping_status":"closed","sticky":false,"template":"","format":"standard","meta":{"_monsterinsights_skip_tracking":false,"_monsterinsights_sitenote_active":false,"_monsterinsights_sitenote_note":"","_monsterinsights_sitenote_category":0,"footnotes":""},"categories":[8],"tags":[12,3,18],"class_list":["post-2231","post","type-post","status-publish","format-standard","has-post-thumbnail","hentry","category-gobierno-municipal-rio-grande-zacatecas","tag-comunicacion-social","tag-content-slide","tag-gobierno-municipal-rio-grande"],"jetpack_featured_media_url":"https:\/\/riograndezac.gob.mx\/informatica\/wp-content\/uploads\/2016\/01\/alameda-1.png","_links":{"self":[{"href":"https:\/\/riograndezac.gob.mx\/informatica\/index.php?rest_route=\/wp\/v2\/posts\/2231","targetHints":{"allow":["GET"]}}],"collection":[{"href":"https:\/\/riograndezac.gob.mx\/informatica\/index.php?rest_route=\/wp\/v2\/posts"}],"about":[{"href":"https:\/\/riograndezac.gob.mx\/informatica\/index.php?rest_route=\/wp\/v2\/types\/post"}],"author":[{"embeddable":true,"href":"https:\/\/riograndezac.gob.mx\/informatica\/index.php?rest_route=\/wp\/v2\/users\/1"}],"replies":[{"embeddable":true,"href":"https:\/\/riograndezac.gob.mx\/informatica\/index.php?rest_route=%2Fwp%2Fv2%2Fcomments&post=2231"}],"version-history":[{"count":1,"href":"https:\/\/riograndezac.gob.mx\/informatica\/index.php?rest_route=\/wp\/v2\/posts\/2231\/revisions"}],"predecessor-version":[{"id":2233,"href":"https:\/\/riograndezac.gob.mx\/informatica\/index.php?rest_route=\/wp\/v2\/posts\/2231\/revisions\/2233"}],"wp:featuredmedia":[{"embeddable":true,"href":"https:\/\/riograndezac.gob.mx\/informatica\/index.php?rest_route=\/wp\/v2\/media\/2232"}],"wp:attachment":[{"href":"https:\/\/riograndezac.gob.mx\/informatica\/index.php?rest_route=%2Fwp%2Fv2%2Fmedia&parent=2231"}],"wp:term":[{"taxonomy":"category","embeddable":true,"href":"https:\/\/riograndezac.gob.mx\/informatica\/index.php?rest_route=%2Fwp%2Fv2%2Fcategories&post=2231"},{"taxonomy":"post_tag","embeddable":true,"href":"https:\/\/riograndezac.gob.mx\/informatica\/index.php?rest_route=%2Fwp%2Fv2%2Ftags&post=2231"}],"curies":[{"name":"wp","href":"https:\/\/api.w.org\/{rel}","templated":true}]}}