{"id":2244,"date":"2016-01-07T21:29:55","date_gmt":"2016-01-08T03:29:55","guid":{"rendered":"http:\/\/riograndezac.gob.mx\/informatica\/?p=2244"},"modified":"2016-01-07T21:29:55","modified_gmt":"2016-01-08T03:29:55","slug":"rosca-de-reyes-2","status":"publish","type":"post","link":"https:\/\/riograndezac.gob.mx\/informatica\/?p=2244","title":{"rendered":"Rosca de Reyes"},"content":{"rendered":"<p><a href=\"https:\/\/riograndezac.gob.mx\/informatica\/wp-content\/uploads\/2016\/01\/ROSCA-1.png\" rel=\"attachment wp-att-2245\"><img loading=\"lazy\" decoding=\"async\" class=\"aligncenter size-full wp-image-2245\" src=\"https:\/\/riograndezac.gob.mx\/informatica\/wp-content\/uploads\/2016\/01\/ROSCA-1.png\" alt=\"ROSCA (1)\" width=\"552\" height=\"780\" srcset=\"https:\/\/riograndezac.gob.mx\/informatica\/wp-content\/uploads\/2016\/01\/ROSCA-1.png 552w, https:\/\/riograndezac.gob.mx\/informatica\/wp-content\/uploads\/2016\/01\/ROSCA-1-212x300.png 212w, https:\/\/riograndezac.gob.mx\/informatica\/wp-content\/uploads\/2016\/01\/ROSCA-1-17x24.png 17w, https:\/\/riograndezac.gob.mx\/informatica\/wp-content\/uploads\/2016\/01\/ROSCA-1-25x36.png 25w, https:\/\/riograndezac.gob.mx\/informatica\/wp-content\/uploads\/2016\/01\/ROSCA-1-34x48.png 34w\" sizes=\"auto, (max-width: 552px) 100vw, 552px\" \/><\/a><\/p>\n<p>Como ya se ha hecho una bonita costumbre, cada 6 de enero, cientos de riograndenses disfrutaron de la tradicional Mega Rosca de Reyes en la plaza principal, adem\u00e1s de compartir un delicioso ponche, actividad organizada por el Sistema Municipal para el Desarrollo Integral de la Familia (SMDIF).<\/p>\n<p>&nbsp;<\/p>\n<p>En un ambiente de tintes navide\u00f1os con alegr\u00eda y fiesta, cientos de familias de R\u00edo Grande compartieron la tradicional Rosa por el d\u00eda de Reyes, en esta ocasi\u00f3n, Martha Patricia Molina, presidenta del DIF municipal, fue la encargada de partir la rosca, acompa\u00f1ada del director de esta instituci\u00f3n, Julio C\u00e9sar Mares Torres y la directora del departamento de planeaci\u00f3n y finanzas Yolanda G\u00f3mez Varela, en representaci\u00f3n del presidente municipal Constantino Casta\u00f1eda Mu\u00f1oz.<\/p>\n<p>&nbsp;<\/p>\n<p>En esta actividad emotiva, G\u00f3mez Varela, se\u00f1al\u00f3 que \u201cel estar reunidos aqu\u00ed es con motivo de compartir la tradicional celebraci\u00f3n de los Reyes Magos del d\u00eda 6 de enero, por lo que el gobierno municipal encabezado por Constantino Casta\u00f1eda, en coordinaci\u00f3n con la presidenta del DIF se ha empe\u00f1ado en conservar estas bonitas costumbres, as\u00ed mismo para desearles a nombre del alcalde, que todos los prop\u00f3sitos se cumplan este nuevo a\u00f1o que acaba de iniciar\u201d.<\/p>\n<p>&nbsp;<\/p>\n<p>As\u00ed mismo, se\u00f1al\u00f3 que \u201ccon este evento es importante conservar y recordar que la tradici\u00f3n de la Rosca de Reyes viene desde los primeros cristianos con el tema de los Reyes Magos, por lo que las roscas conten\u00edan el mu\u00f1equito escondido dentro de la rosca que simboliza al Ni\u00f1o Jes\u00fas, que los Reyes no encontraban porque la estrella desaparec\u00eda, para causar a\u00fan m\u00e1s emoci\u00f3n, sobre todo a la ni\u00f1ez riograndense\u201d.<\/p>\n<p>&nbsp;<\/p>\n<p>Una vez que se entreg\u00f3 rosca a cada persona que se acerc\u00f3, se le hizo la entrega de un tradicional vaso de ponche que llenaron de gran emoci\u00f3n a las familias completas, puesto que los pap\u00e1s quedaron contentos al ver la sonrisa de los menores al momento de la entrega de los Reyes Magos, a trav\u00e9s del personal del DIF municipal.<\/p>\n","protected":false},"excerpt":{"rendered":"<p>Como ya se ha hecho una bonita costumbre, cada 6 de enero, cientos de riograndenses disfrutaron de la tradicional Mega Rosca de Reyes en la plaza principal, adem\u00e1s de compartir un delicioso ponche, actividad organizada por el Sistema Municipal para el Desarrollo Integral de la Familia (SMDIF).<\/p>\n","protected":false},"author":1,"featured_media":2245,"comment_status":"closed","ping_status":"closed","sticky":false,"template":"","format":"standard","meta":{"_monsterinsights_skip_tracking":false,"_monsterinsights_sitenote_active":false,"_monsterinsights_sitenote_note":"","_monsterinsights_sitenote_category":0,"footnotes":""},"categories":[4],"tags":[12,18],"class_list":["post-2244","post","type-post","status-publish","format-standard","has-post-thumbnail","hentry","category-boletines","tag-comunicacion-social","tag-gobierno-municipal-rio-grande"],"jetpack_featured_media_url":"https:\/\/riograndezac.gob.mx\/informatica\/wp-content\/uploads\/2016\/01\/ROSCA-1.png","_links":{"self":[{"href":"https:\/\/riograndezac.gob.mx\/informatica\/index.php?rest_route=\/wp\/v2\/posts\/2244","targetHints":{"allow":["GET"]}}],"collection":[{"href":"https:\/\/riograndezac.gob.mx\/informatica\/index.php?rest_route=\/wp\/v2\/posts"}],"about":[{"href":"https:\/\/riograndezac.gob.mx\/informatica\/index.php?rest_route=\/wp\/v2\/types\/post"}],"author":[{"embeddable":true,"href":"https:\/\/riograndezac.gob.mx\/informatica\/index.php?rest_route=\/wp\/v2\/users\/1"}],"replies":[{"embeddable":true,"href":"https:\/\/riograndezac.gob.mx\/informatica\/index.php?rest_route=%2Fwp%2Fv2%2Fcomments&post=2244"}],"version-history":[{"count":1,"href":"https:\/\/riograndezac.gob.mx\/informatica\/index.php?rest_route=\/wp\/v2\/posts\/2244\/revisions"}],"predecessor-version":[{"id":2246,"href":"https:\/\/riograndezac.gob.mx\/informatica\/index.php?rest_route=\/wp\/v2\/posts\/2244\/revisions\/2246"}],"wp:featuredmedia":[{"embeddable":true,"href":"https:\/\/riograndezac.gob.mx\/informatica\/index.php?rest_route=\/wp\/v2\/media\/2245"}],"wp:attachment":[{"href":"https:\/\/riograndezac.gob.mx\/informatica\/index.php?rest_route=%2Fwp%2Fv2%2Fmedia&parent=2244"}],"wp:term":[{"taxonomy":"category","embeddable":true,"href":"https:\/\/riograndezac.gob.mx\/informatica\/index.php?rest_route=%2Fwp%2Fv2%2Fcategories&post=2244"},{"taxonomy":"post_tag","embeddable":true,"href":"https:\/\/riograndezac.gob.mx\/informatica\/index.php?rest_route=%2Fwp%2Fv2%2Ftags&post=2244"}],"curies":[{"name":"wp","href":"https:\/\/api.w.org\/{rel}","templated":true}]}}