{"id":2247,"date":"2016-01-07T21:34:32","date_gmt":"2016-01-08T03:34:32","guid":{"rendered":"http:\/\/riograndezac.gob.mx\/informatica\/?p=2247"},"modified":"2016-01-07T21:34:32","modified_gmt":"2016-01-08T03:34:32","slug":"catastro-y-predial","status":"publish","type":"post","link":"https:\/\/riograndezac.gob.mx\/informatica\/?p=2247","title":{"rendered":"Catastro y Predial"},"content":{"rendered":"<p><a href=\"https:\/\/riograndezac.gob.mx\/informatica\/wp-content\/uploads\/2016\/01\/CATASTRO-1.png\" rel=\"attachment wp-att-2248\"><img loading=\"lazy\" decoding=\"async\" class=\"aligncenter size-full wp-image-2248\" src=\"https:\/\/riograndezac.gob.mx\/informatica\/wp-content\/uploads\/2016\/01\/CATASTRO-1.png\" alt=\"CATASTRO (1)\" width=\"700\" height=\"431\" srcset=\"https:\/\/riograndezac.gob.mx\/informatica\/wp-content\/uploads\/2016\/01\/CATASTRO-1.png 700w, https:\/\/riograndezac.gob.mx\/informatica\/wp-content\/uploads\/2016\/01\/CATASTRO-1-300x185.png 300w, https:\/\/riograndezac.gob.mx\/informatica\/wp-content\/uploads\/2016\/01\/CATASTRO-1-24x15.png 24w, https:\/\/riograndezac.gob.mx\/informatica\/wp-content\/uploads\/2016\/01\/CATASTRO-1-36x22.png 36w, https:\/\/riograndezac.gob.mx\/informatica\/wp-content\/uploads\/2016\/01\/CATASTRO-1-48x30.png 48w\" sizes=\"auto, (max-width: 700px) 100vw, 700px\" \/><\/a><\/p>\n<p>Habr\u00e1 un descuento del 15 por ciento por pronto pago de este a\u00f1o, durante el mes de enero, adem\u00e1s de un 10 por ciento a los adultos mayores que presenten su tarjeta del Insen, pensionados, jubilados y madres jefas de familia.<\/p>\n<p>Constantino Casta\u00f1eda Mu\u00f1oz, presidente municipal, se\u00f1al\u00f3 que a trav\u00e9s del departamento de Catastro y Predial se dio apertura a un periodo de un mes para la condonaci\u00f3n, puesto que \u201cel Ayuntamiento encabezado por Constantino Casta\u00f1eda Mu\u00f1oz, sabe que la situaci\u00f3n econ\u00f3mica no es f\u00e1cil, y se busca coadyuvar para que el patrimonio de las familias est\u00e9 al cien por ciento en cuanto al pago de sus impuestos\u201d.<\/p>\n<p>&nbsp;<\/p>\n<p>El primer mandatario, se\u00f1al\u00f3 que despu\u00e9s de que se han llevado a cabo varias campa\u00f1as para aplicar los descuentos al 100 por ciento por concepto de recargos y accesorios en el tema de prediales y que se ha logrado la participaci\u00f3n de la ciudadan\u00eda, se decidi\u00f3 emprender de nueva cuenta durante el mes de enero este descuento.<\/p>\n<p>&nbsp;<\/p>\n<p>Por parte de Sa\u00fal Z\u00fa\u00f1iga Cruz, titular del departamento, record\u00f3 que el horario de oficina es de 8:30 de la ma\u00f1ana y hasta las 3:30 de la tarde, en las instalaciones de la Alcald\u00eda, por lo que exhort\u00f3 a la poblaci\u00f3n, para que acuda y cumpla con esta obligaci\u00f3n a tiempo y adem\u00e1s aproveche los descuentos.<\/p>\n<p>&nbsp;<\/p>\n<p>El funcionario, detall\u00f3 que el gobierno municipal, viene haciendo lo que est\u00e1 a su alcance para que toda la poblaci\u00f3n cumpla con esta obligaci\u00f3n, incluy\u00e9ndose las campa\u00f1as de descuento en las comunidades m\u00e1s lejanas, para evitar que la ciudadan\u00eda se traslade hasta la cabecera municipal.<\/p>\n<p>&nbsp;<\/p>\n<p>Finaliz\u00f3 recordando que habr\u00e1 un descuento del 15 por ciento por pronto pago durante este mes, adem\u00e1s de un 10 por ciento a los adultos mayores que presenten su tarjeta del Insen, pensionados, jubilados y madres jefas de familia, siempre y cuando el predio est\u00e9 a su nombre.<\/p>\n","protected":false},"excerpt":{"rendered":"<p>Habr\u00e1 un descuento del 15 por ciento por pronto pago de este a\u00f1o, durante el mes de enero, adem\u00e1s de un 10 por ciento a los adultos mayores que presenten su tarjeta del Insen, pensionados, jubilados y madres jefas de familia.<\/p>\n","protected":false},"author":1,"featured_media":2248,"comment_status":"closed","ping_status":"closed","sticky":false,"template":"","format":"standard","meta":{"_monsterinsights_skip_tracking":false,"_monsterinsights_sitenote_active":false,"_monsterinsights_sitenote_note":"","_monsterinsights_sitenote_category":0,"footnotes":""},"categories":[5],"tags":[12,3,18],"class_list":["post-2247","post","type-post","status-publish","format-standard","has-post-thumbnail","hentry","category-destacados","tag-comunicacion-social","tag-content-slide","tag-gobierno-municipal-rio-grande"],"jetpack_featured_media_url":"https:\/\/riograndezac.gob.mx\/informatica\/wp-content\/uploads\/2016\/01\/CATASTRO-1.png","_links":{"self":[{"href":"https:\/\/riograndezac.gob.mx\/informatica\/index.php?rest_route=\/wp\/v2\/posts\/2247","targetHints":{"allow":["GET"]}}],"collection":[{"href":"https:\/\/riograndezac.gob.mx\/informatica\/index.php?rest_route=\/wp\/v2\/posts"}],"about":[{"href":"https:\/\/riograndezac.gob.mx\/informatica\/index.php?rest_route=\/wp\/v2\/types\/post"}],"author":[{"embeddable":true,"href":"https:\/\/riograndezac.gob.mx\/informatica\/index.php?rest_route=\/wp\/v2\/users\/1"}],"replies":[{"embeddable":true,"href":"https:\/\/riograndezac.gob.mx\/informatica\/index.php?rest_route=%2Fwp%2Fv2%2Fcomments&post=2247"}],"version-history":[{"count":1,"href":"https:\/\/riograndezac.gob.mx\/informatica\/index.php?rest_route=\/wp\/v2\/posts\/2247\/revisions"}],"predecessor-version":[{"id":2249,"href":"https:\/\/riograndezac.gob.mx\/informatica\/index.php?rest_route=\/wp\/v2\/posts\/2247\/revisions\/2249"}],"wp:featuredmedia":[{"embeddable":true,"href":"https:\/\/riograndezac.gob.mx\/informatica\/index.php?rest_route=\/wp\/v2\/media\/2248"}],"wp:attachment":[{"href":"https:\/\/riograndezac.gob.mx\/informatica\/index.php?rest_route=%2Fwp%2Fv2%2Fmedia&parent=2247"}],"wp:term":[{"taxonomy":"category","embeddable":true,"href":"https:\/\/riograndezac.gob.mx\/informatica\/index.php?rest_route=%2Fwp%2Fv2%2Fcategories&post=2247"},{"taxonomy":"post_tag","embeddable":true,"href":"https:\/\/riograndezac.gob.mx\/informatica\/index.php?rest_route=%2Fwp%2Fv2%2Ftags&post=2247"}],"curies":[{"name":"wp","href":"https:\/\/api.w.org\/{rel}","templated":true}]}}