{"id":2276,"date":"2016-01-11T12:09:01","date_gmt":"2016-01-11T18:09:01","guid":{"rendered":"http:\/\/riograndezac.gob.mx\/informatica\/?p=2276"},"modified":"2016-01-11T12:09:01","modified_gmt":"2016-01-11T18:09:01","slug":"sindicato-albaniles","status":"publish","type":"post","link":"https:\/\/riograndezac.gob.mx\/informatica\/?p=2276","title":{"rendered":"Sindicato Alba\u00f1iles"},"content":{"rendered":"<p><a href=\"https:\/\/riograndezac.gob.mx\/informatica\/wp-content\/uploads\/2016\/01\/Alba\u00f1iles.jpg\" rel=\"attachment wp-att-2277\"><img loading=\"lazy\" decoding=\"async\" class=\"aligncenter size-full wp-image-2277\" src=\"https:\/\/riograndezac.gob.mx\/informatica\/wp-content\/uploads\/2016\/01\/Alba\u00f1iles.jpg\" alt=\"Alba\u00f1iles\" width=\"400\" height=\"348\" srcset=\"https:\/\/riograndezac.gob.mx\/informatica\/wp-content\/uploads\/2016\/01\/Alba\u00f1iles.jpg 400w, https:\/\/riograndezac.gob.mx\/informatica\/wp-content\/uploads\/2016\/01\/Alba\u00f1iles-300x261.jpg 300w, https:\/\/riograndezac.gob.mx\/informatica\/wp-content\/uploads\/2016\/01\/Alba\u00f1iles-24x21.jpg 24w, https:\/\/riograndezac.gob.mx\/informatica\/wp-content\/uploads\/2016\/01\/Alba\u00f1iles-36x31.jpg 36w, https:\/\/riograndezac.gob.mx\/informatica\/wp-content\/uploads\/2016\/01\/Alba\u00f1iles-48x42.jpg 48w\" sizes=\"auto, (max-width: 400px) 100vw, 400px\" \/><\/a><\/p>\n<p>Con la intenci\u00f3n de continuar generando empleo para el sector de los Alba\u00f1iles del sindicato \u201cInocencio Serna\u201d, el gobierno municipal encabezado por Constantino Casta\u00f1eda Mu\u00f1oz, firmar\u00e1 este lunes el convenio de trabajo para la aplicaci\u00f3n de 240 mil pesos en techos de mejoramiento de vivienda.<\/p>\n<p>&nbsp;<\/p>\n<p>Asiel Felipe Garc\u00eda Mares, director de Obras y Servicios P\u00fablicos de R\u00edo Grande, inform\u00f3 que \u201cel presidente Constantino Casta\u00f1eda Mu\u00f1oz, logr\u00f3 gestionar 240 mil pesos como parte de un recurso de 240 mil pesos con lo que se habr\u00e1n de construir techos en la comunidad de El Fuerte\u201d.<\/p>\n<p>&nbsp;<\/p>\n<p>En este sentido, el funcionario se\u00f1al\u00f3 que \u201cel presidente nos dijo de inmediato que esta obra ten\u00eda que destinarse al Sindicato \u201cInocencio Serna\u201d, puesto que ya culminaron con la obra de la tienda departamental Coppel en la Plaza Principal, en donde con su respaldo se consigui\u00f3 la contrataci\u00f3n de 60 agremiados en la construcci\u00f3n del edificio, y actualmente, este gremio no ten\u00eda alguna obra en donde se pudiera ocupar mucha mano de obra\u201d.<\/p>\n<p>&nbsp;<\/p>\n<p>&nbsp;<\/p>\n<p>\u201cNo hab\u00edamos podido firmar el contrato, puesto que el oficio de autorizaci\u00f3n no hab\u00eda llegado, lo cual ocasion\u00f3 incluso molestia en el sindicato, sin embargo, este s\u00e1bado, ya se oficializ\u00f3 que lleg\u00f3 tal documento por lo que estamos en postura de firmar el convenio de trabajo este lunes\u201d, se\u00f1al\u00f3 Garc\u00eda Mares.<\/p>\n<p>&nbsp;<\/p>\n<p>\u201cAhora s\u00ed, se comenzar\u00e1 con la construcci\u00f3n de los Techos en la comunidad del Fuerte, como parte del programa que tienen el presidente de sacar de la marginaci\u00f3n a las familias de m\u00e1s escasos recursos en el municipio, y en donde al mismo tiempo, se sigue con la generaci\u00f3n de empleo a trav\u00e9s de la construcci\u00f3n de los mismos, con mano de obra calificada, originaria de R\u00edo Grande\u201d, finaliz\u00f3.<\/p>\n","protected":false},"excerpt":{"rendered":"<p>Con la intenci\u00f3n de continuar generando empleo para el sector de los Alba\u00f1iles del sindicato \u201cInocencio Serna\u201d, el gobierno municipal encabezado por Constantino Casta\u00f1eda Mu\u00f1oz, firmar\u00e1 este lunes el convenio de trabajo para la aplicaci\u00f3n de 240 mil pesos en techos de mejoramiento de vivienda.<\/p>\n","protected":false},"author":1,"featured_media":2277,"comment_status":"closed","ping_status":"closed","sticky":false,"template":"","format":"standard","meta":{"_monsterinsights_skip_tracking":false,"_monsterinsights_sitenote_active":false,"_monsterinsights_sitenote_note":"","_monsterinsights_sitenote_category":0,"footnotes":""},"categories":[5],"tags":[12],"class_list":["post-2276","post","type-post","status-publish","format-standard","has-post-thumbnail","hentry","category-destacados","tag-comunicacion-social"],"jetpack_featured_media_url":"https:\/\/riograndezac.gob.mx\/informatica\/wp-content\/uploads\/2016\/01\/Alba\u00f1iles.jpg","_links":{"self":[{"href":"https:\/\/riograndezac.gob.mx\/informatica\/index.php?rest_route=\/wp\/v2\/posts\/2276","targetHints":{"allow":["GET"]}}],"collection":[{"href":"https:\/\/riograndezac.gob.mx\/informatica\/index.php?rest_route=\/wp\/v2\/posts"}],"about":[{"href":"https:\/\/riograndezac.gob.mx\/informatica\/index.php?rest_route=\/wp\/v2\/types\/post"}],"author":[{"embeddable":true,"href":"https:\/\/riograndezac.gob.mx\/informatica\/index.php?rest_route=\/wp\/v2\/users\/1"}],"replies":[{"embeddable":true,"href":"https:\/\/riograndezac.gob.mx\/informatica\/index.php?rest_route=%2Fwp%2Fv2%2Fcomments&post=2276"}],"version-history":[{"count":1,"href":"https:\/\/riograndezac.gob.mx\/informatica\/index.php?rest_route=\/wp\/v2\/posts\/2276\/revisions"}],"predecessor-version":[{"id":2278,"href":"https:\/\/riograndezac.gob.mx\/informatica\/index.php?rest_route=\/wp\/v2\/posts\/2276\/revisions\/2278"}],"wp:featuredmedia":[{"embeddable":true,"href":"https:\/\/riograndezac.gob.mx\/informatica\/index.php?rest_route=\/wp\/v2\/media\/2277"}],"wp:attachment":[{"href":"https:\/\/riograndezac.gob.mx\/informatica\/index.php?rest_route=%2Fwp%2Fv2%2Fmedia&parent=2276"}],"wp:term":[{"taxonomy":"category","embeddable":true,"href":"https:\/\/riograndezac.gob.mx\/informatica\/index.php?rest_route=%2Fwp%2Fv2%2Fcategories&post=2276"},{"taxonomy":"post_tag","embeddable":true,"href":"https:\/\/riograndezac.gob.mx\/informatica\/index.php?rest_route=%2Fwp%2Fv2%2Ftags&post=2276"}],"curies":[{"name":"wp","href":"https:\/\/api.w.org\/{rel}","templated":true}]}}