{"id":2286,"date":"2016-01-12T00:58:19","date_gmt":"2016-01-12T06:58:19","guid":{"rendered":"http:\/\/riograndezac.gob.mx\/informatica\/?p=2286"},"modified":"2016-01-12T00:58:19","modified_gmt":"2016-01-12T06:58:19","slug":"simaparg-10","status":"publish","type":"post","link":"https:\/\/riograndezac.gob.mx\/informatica\/?p=2286","title":{"rendered":"Simaparg"},"content":{"rendered":"<p><a href=\"https:\/\/riograndezac.gob.mx\/informatica\/wp-content\/uploads\/2016\/01\/roberto-martinez.png\" rel=\"attachment wp-att-2238\"><img loading=\"lazy\" decoding=\"async\" class=\"aligncenter size-full wp-image-2238\" src=\"https:\/\/riograndezac.gob.mx\/informatica\/wp-content\/uploads\/2016\/01\/roberto-martinez.png\" alt=\"roberto martinez\" width=\"583\" height=\"418\" srcset=\"https:\/\/riograndezac.gob.mx\/informatica\/wp-content\/uploads\/2016\/01\/roberto-martinez.png 583w, https:\/\/riograndezac.gob.mx\/informatica\/wp-content\/uploads\/2016\/01\/roberto-martinez-300x215.png 300w, https:\/\/riograndezac.gob.mx\/informatica\/wp-content\/uploads\/2016\/01\/roberto-martinez-24x17.png 24w, https:\/\/riograndezac.gob.mx\/informatica\/wp-content\/uploads\/2016\/01\/roberto-martinez-36x26.png 36w, https:\/\/riograndezac.gob.mx\/informatica\/wp-content\/uploads\/2016\/01\/roberto-martinez-48x34.png 48w\" sizes=\"auto, (max-width: 583px) 100vw, 583px\" \/><\/a><\/p>\n<p>\u201cEl mes de enero se financiar\u00e1 el medidor a 12 meses, para las y los usuarios que a\u00fan no cuenten con \u00e9l\u201d, as\u00ed lo dio a conocer Roberto Mart\u00ednez Ortiz, titular del Sistema Municipal de Agua Potable y Alcantarillado de R\u00edo Grande (SIMAPARG).<\/p>\n<p>&nbsp;<\/p>\n<p>\u201cEs importante se\u00f1alar que el Programa para la Regulaci\u00f3n del Uso Eficiente y la Medici\u00f3n del Agua (PREMA), promocionado por este organismo operador desde inicios del a\u00f1o 2015, fue aprobado por el consejo directivo consultivo y el cual se public\u00f3 en el peri\u00f3dico oficial del estado, tendr\u00e1 una pr\u00f3rroga hasta el 30 de enero para efectuar el convenio para la instalaci\u00f3n del medidor\u201d, indic\u00f3.<\/p>\n<p>&nbsp;<\/p>\n<p>\u201cEs por ello importante informar a la ciudadan\u00eda que la fecha l\u00edmite es este pr\u00f3ximo 30 de enero, al mismo tiempo, darles a conocer a las y los usuarios, que es el municipio quien financia el precio del medidor a 12 meses con la aportaci\u00f3n de 71 pesos mensuales, por medidor con el prop\u00f3sito de cuidar el agua, pues hemos visto quien no tiene medidor la gasta indiscriminadamente\u201d, agreg\u00f3.<\/p>\n<p>&nbsp;<\/p>\n<p>\u201cLa finalidad es que en todo R\u00edo Grande, tal y como lo dictamina la Comisi\u00f3n Nacional del Agua, se mida el servicio de agua para as\u00ed asegurar el l\u00edquido para futuras generaciones, pues es al mismo tiempo, generar conciencia y de alarmarnos sobre la problem\u00e1tica que se presenta en los mantos acu\u00edferos que solo los expertos en la materia podr\u00edan darnos una explicaci\u00f3n m\u00e1s real sobre la importancia de cuidar el agua\u201d, detall\u00f3 Roberto Mart\u00ednez.<\/p>\n<p>&nbsp;<\/p>\n<p>\u201cAs\u00ed que es importante informar que lo que resta del mes es el l\u00edmite para realizar el convenio para adquirir el medidor en su domicilio, se habr\u00e1 de extender un oficio junto con el recibo mensual que se entregara para informar sobre el plazo l\u00edmite, de lo contrario a partir del pr\u00f3ximo mes de febrero se comenzara a cobrar la tarifa \u00fanica por 200 pesos mensuales gaste lo que gaste, pues solamente lo que no nos cuesta no lo cuidamos, por comparar con el municipio de Jerez donde la tarifa \u00fanica es por 134 pesos debido a que los posos se encuentran dentro de la cabecera municipal y en nuestro caso son 20 kil\u00f3metros la l\u00ednea de conducci\u00f3n desde el Cazadero hasta aqu\u00ed, lo que conlleva el mantenimiento en la l\u00ednea, el consumo de energ\u00eda el\u00e9ctrica y la distribuci\u00f3n hasta los hogares\u201d, dijo.<\/p>\n<p>&nbsp;<\/p>\n<p>\u201cTenemos toda la intenci\u00f3n y la voluntad pero sobre todo la indicaci\u00f3n del presidente Constantino Casta\u00f1eda Mu\u00f1oz de entregar un organismo completamente saneado y sobre todo funcional, pues tambi\u00e9n aqu\u00ed tenemos medidores y macro medidores a la salida de los posos pues debemos informar a la CONAGUA sobre la salida de l\u00edquido as\u00ed como el ingreso de aguas residuales a la planta tratadora\u201d, refiri\u00f3 el funcionario.<\/p>\n<p>&nbsp;<\/p>\n<p>\u201cDe aqu\u00ed los recursos que reciba el municipio para poder participar en los programas para el favor y en beneficio de obras como PROTAR, APASO, PROSAPIS, donde participan los 3 niveles de gobierno que vienen radicalizadas en el concepto del cuidado del agua, el agua aumenta cada a\u00f1o, pero es de acuerdo al \u00edndice nacional de precios de consumidor y al \u00edndice de inflaci\u00f3n del Banco de M\u00e9xico que fue por el 3% ya publicado en el reglamento interno del organismo, el a\u00f1o pasado el aumento fue del 6% este a\u00f1o disminuy\u00f3\u201d, finaliz\u00f3.<\/p>\n","protected":false},"excerpt":{"rendered":"<p>\u201cEl mes de enero se financiar\u00e1 el medidor a 12 meses, para las y los usuarios que a\u00fan no cuenten con \u00e9l\u201d, as\u00ed lo dio a conocer Roberto Mart\u00ednez Ortiz, titular del Sistema Municipal de Agua Potable y Alcantarillado de R\u00edo Grande (SIMAPARG).<\/p>\n","protected":false},"author":1,"featured_media":2238,"comment_status":"closed","ping_status":"closed","sticky":false,"template":"","format":"standard","meta":{"_monsterinsights_skip_tracking":false,"_monsterinsights_sitenote_active":false,"_monsterinsights_sitenote_note":"","_monsterinsights_sitenote_category":0,"footnotes":""},"categories":[4],"tags":[12,18],"class_list":["post-2286","post","type-post","status-publish","format-standard","has-post-thumbnail","hentry","category-boletines","tag-comunicacion-social","tag-gobierno-municipal-rio-grande"],"jetpack_featured_media_url":"https:\/\/riograndezac.gob.mx\/informatica\/wp-content\/uploads\/2016\/01\/roberto-martinez.png","_links":{"self":[{"href":"https:\/\/riograndezac.gob.mx\/informatica\/index.php?rest_route=\/wp\/v2\/posts\/2286","targetHints":{"allow":["GET"]}}],"collection":[{"href":"https:\/\/riograndezac.gob.mx\/informatica\/index.php?rest_route=\/wp\/v2\/posts"}],"about":[{"href":"https:\/\/riograndezac.gob.mx\/informatica\/index.php?rest_route=\/wp\/v2\/types\/post"}],"author":[{"embeddable":true,"href":"https:\/\/riograndezac.gob.mx\/informatica\/index.php?rest_route=\/wp\/v2\/users\/1"}],"replies":[{"embeddable":true,"href":"https:\/\/riograndezac.gob.mx\/informatica\/index.php?rest_route=%2Fwp%2Fv2%2Fcomments&post=2286"}],"version-history":[{"count":1,"href":"https:\/\/riograndezac.gob.mx\/informatica\/index.php?rest_route=\/wp\/v2\/posts\/2286\/revisions"}],"predecessor-version":[{"id":2287,"href":"https:\/\/riograndezac.gob.mx\/informatica\/index.php?rest_route=\/wp\/v2\/posts\/2286\/revisions\/2287"}],"wp:featuredmedia":[{"embeddable":true,"href":"https:\/\/riograndezac.gob.mx\/informatica\/index.php?rest_route=\/wp\/v2\/media\/2238"}],"wp:attachment":[{"href":"https:\/\/riograndezac.gob.mx\/informatica\/index.php?rest_route=%2Fwp%2Fv2%2Fmedia&parent=2286"}],"wp:term":[{"taxonomy":"category","embeddable":true,"href":"https:\/\/riograndezac.gob.mx\/informatica\/index.php?rest_route=%2Fwp%2Fv2%2Fcategories&post=2286"},{"taxonomy":"post_tag","embeddable":true,"href":"https:\/\/riograndezac.gob.mx\/informatica\/index.php?rest_route=%2Fwp%2Fv2%2Ftags&post=2286"}],"curies":[{"name":"wp","href":"https:\/\/api.w.org\/{rel}","templated":true}]}}