{"id":2288,"date":"2016-01-12T01:01:22","date_gmt":"2016-01-12T07:01:22","guid":{"rendered":"http:\/\/riograndezac.gob.mx\/informatica\/?p=2288"},"modified":"2016-01-12T01:01:22","modified_gmt":"2016-01-12T07:01:22","slug":"jefas-de-familia","status":"publish","type":"post","link":"https:\/\/riograndezac.gob.mx\/informatica\/?p=2288","title":{"rendered":"Jefas de familia"},"content":{"rendered":"<p><a href=\"https:\/\/riograndezac.gob.mx\/informatica\/wp-content\/uploads\/2016\/01\/JEFAS-ARCHIVO.jpg\" rel=\"attachment wp-att-2289\"><img loading=\"lazy\" decoding=\"async\" class=\"aligncenter size-full wp-image-2289\" src=\"https:\/\/riograndezac.gob.mx\/informatica\/wp-content\/uploads\/2016\/01\/JEFAS-ARCHIVO.jpg\" alt=\"JEFAS-ARCHIVO\" width=\"700\" height=\"466\" srcset=\"https:\/\/riograndezac.gob.mx\/informatica\/wp-content\/uploads\/2016\/01\/JEFAS-ARCHIVO.jpg 700w, https:\/\/riograndezac.gob.mx\/informatica\/wp-content\/uploads\/2016\/01\/JEFAS-ARCHIVO-300x200.jpg 300w, https:\/\/riograndezac.gob.mx\/informatica\/wp-content\/uploads\/2016\/01\/JEFAS-ARCHIVO-24x16.jpg 24w, https:\/\/riograndezac.gob.mx\/informatica\/wp-content\/uploads\/2016\/01\/JEFAS-ARCHIVO-36x24.jpg 36w, https:\/\/riograndezac.gob.mx\/informatica\/wp-content\/uploads\/2016\/01\/JEFAS-ARCHIVO-48x32.jpg 48w\" sizes=\"auto, (max-width: 700px) 100vw, 700px\" \/><\/a><\/p>\n<p>El Sistema Municipal para el Desarrollo Integral de la Familia (SMDIF), a trav\u00e9s de su director Julio C\u00e9sar Mares Torres, exhort\u00f3 a las jefas de familia que est\u00e1n integradas al Programa \u201cSumando a las Madres Zacatecanas\u201d, para que acudan el pr\u00f3ximo jueves 14 a un evento de informaci\u00f3n.<\/p>\n<p>&nbsp;<\/p>\n<p>Mares Torres, se\u00f1al\u00f3 que la reuni\u00f3n ser\u00e1 en las instalaciones del DIF municipal, en punto de las 2:30 de la tarde, en donde se firmar\u00e1n los recibos pendientes, adem\u00e1s de que se llevar\u00e1 a cabo la renovaci\u00f3n de papeler\u00eda, por lo que se debe de presentar de manera urgente antes de la firma.<\/p>\n<p>&nbsp;<\/p>\n<p>En representaci\u00f3n de la presidenta del DIF Martha Patricia Molina G\u00f3mez, el director de esta instituci\u00f3n, record\u00f3 que \u201cel compromiso del alcalde Constantino Casta\u00f1eda Mu\u00f1oz, es apoyar a las familias, sobre todo, en donde las mujeres son el pilar para sus hijos\u201d.<\/p>\n<p>&nbsp;<\/p>\n<p>El director del DIF, agreg\u00f3 que este programa \u201ces un gran esfuerzo que hace tanto el gobierno del estado, como el municipio, para apoyar a aquellas mujeres que de verdad est\u00e1n solas\u201d.<\/p>\n<p>&nbsp;<\/p>\n<p>Dijo que es importante avisar cuando haya alg\u00fan cambio de domicilio, puesto que cuando se d\u00e9 la verificaci\u00f3n, y no est\u00e9n en el que est\u00e1 registrado, entonces se dar\u00e1 la baja autom\u00e1ticamente.<\/p>\n<p>&nbsp;<\/p>\n<p>Inform\u00f3 que estas becas, son \u00fanicamente por 2 a\u00f1os para cada madre de familia, y que el programa es permanente s\u00f3lo para las madres que tengan a sus hijos con alguna enfermedad o bien en etapa terminal.<\/p>\n<p>&nbsp;<\/p>\n<p>El director de esta instituci\u00f3n que atiende a los sectores m\u00e1s vulnerables, dijo las mujeres que a\u00fan no forman parte de este programa, pueden acudir a las instalaciones del DIF municipal, para recibir la asesor\u00eda necesaria.<\/p>\n<p>&nbsp;<\/p>\n<p>El funcionario, finaliz\u00f3 exhortando a las mujeres jefas de familia que ya forman parte de este programa, para que acudan y cumplan con los tr\u00e1mites necesarios, para que no se les retire el apoyo.<\/p>\n<p>&nbsp;<\/p>\n","protected":false},"excerpt":{"rendered":"<p>El Sistema Municipal para el Desarrollo Integral de la Familia (SMDIF), a trav\u00e9s de su director Julio C\u00e9sar Mares Torres, exhort\u00f3 a las jefas de familia que est\u00e1n integradas al Programa \u201cSumando a las Madres Zacatecanas\u201d, para que acudan el pr\u00f3ximo jueves 14 a un evento de informaci\u00f3n.<\/p>\n","protected":false},"author":1,"featured_media":2289,"comment_status":"closed","ping_status":"closed","sticky":false,"template":"","format":"standard","meta":{"_monsterinsights_skip_tracking":false,"_monsterinsights_sitenote_active":false,"_monsterinsights_sitenote_note":"","_monsterinsights_sitenote_category":0,"footnotes":""},"categories":[5],"tags":[12,18],"class_list":["post-2288","post","type-post","status-publish","format-standard","has-post-thumbnail","hentry","category-destacados","tag-comunicacion-social","tag-gobierno-municipal-rio-grande"],"jetpack_featured_media_url":"https:\/\/riograndezac.gob.mx\/informatica\/wp-content\/uploads\/2016\/01\/JEFAS-ARCHIVO.jpg","_links":{"self":[{"href":"https:\/\/riograndezac.gob.mx\/informatica\/index.php?rest_route=\/wp\/v2\/posts\/2288","targetHints":{"allow":["GET"]}}],"collection":[{"href":"https:\/\/riograndezac.gob.mx\/informatica\/index.php?rest_route=\/wp\/v2\/posts"}],"about":[{"href":"https:\/\/riograndezac.gob.mx\/informatica\/index.php?rest_route=\/wp\/v2\/types\/post"}],"author":[{"embeddable":true,"href":"https:\/\/riograndezac.gob.mx\/informatica\/index.php?rest_route=\/wp\/v2\/users\/1"}],"replies":[{"embeddable":true,"href":"https:\/\/riograndezac.gob.mx\/informatica\/index.php?rest_route=%2Fwp%2Fv2%2Fcomments&post=2288"}],"version-history":[{"count":1,"href":"https:\/\/riograndezac.gob.mx\/informatica\/index.php?rest_route=\/wp\/v2\/posts\/2288\/revisions"}],"predecessor-version":[{"id":2290,"href":"https:\/\/riograndezac.gob.mx\/informatica\/index.php?rest_route=\/wp\/v2\/posts\/2288\/revisions\/2290"}],"wp:featuredmedia":[{"embeddable":true,"href":"https:\/\/riograndezac.gob.mx\/informatica\/index.php?rest_route=\/wp\/v2\/media\/2289"}],"wp:attachment":[{"href":"https:\/\/riograndezac.gob.mx\/informatica\/index.php?rest_route=%2Fwp%2Fv2%2Fmedia&parent=2288"}],"wp:term":[{"taxonomy":"category","embeddable":true,"href":"https:\/\/riograndezac.gob.mx\/informatica\/index.php?rest_route=%2Fwp%2Fv2%2Fcategories&post=2288"},{"taxonomy":"post_tag","embeddable":true,"href":"https:\/\/riograndezac.gob.mx\/informatica\/index.php?rest_route=%2Fwp%2Fv2%2Ftags&post=2288"}],"curies":[{"name":"wp","href":"https:\/\/api.w.org\/{rel}","templated":true}]}}