{"id":2308,"date":"2016-01-13T20:32:15","date_gmt":"2016-01-14T02:32:15","guid":{"rendered":"http:\/\/riograndezac.gob.mx\/informatica\/?p=2308"},"modified":"2016-01-13T20:32:15","modified_gmt":"2016-01-14T02:32:15","slug":"alumbrado-publico-3","status":"publish","type":"post","link":"https:\/\/riograndezac.gob.mx\/informatica\/?p=2308","title":{"rendered":"alumbrado p\u00fablico"},"content":{"rendered":"<p><a href=\"https:\/\/riograndezac.gob.mx\/informatica\/wp-content\/uploads\/2016\/01\/felipe-garcia.png\" rel=\"attachment wp-att-2309\"><img loading=\"lazy\" decoding=\"async\" class=\"aligncenter size-full wp-image-2309\" src=\"https:\/\/riograndezac.gob.mx\/informatica\/wp-content\/uploads\/2016\/01\/felipe-garcia.png\" alt=\"felipe garcia\" width=\"589\" height=\"530\" srcset=\"https:\/\/riograndezac.gob.mx\/informatica\/wp-content\/uploads\/2016\/01\/felipe-garcia.png 589w, https:\/\/riograndezac.gob.mx\/informatica\/wp-content\/uploads\/2016\/01\/felipe-garcia-300x270.png 300w, https:\/\/riograndezac.gob.mx\/informatica\/wp-content\/uploads\/2016\/01\/felipe-garcia-24x22.png 24w, https:\/\/riograndezac.gob.mx\/informatica\/wp-content\/uploads\/2016\/01\/felipe-garcia-36x32.png 36w, https:\/\/riograndezac.gob.mx\/informatica\/wp-content\/uploads\/2016\/01\/felipe-garcia-48x43.png 48w\" sizes=\"auto, (max-width: 589px) 100vw, 589px\" \/><\/a><\/p>\n<p>\u201cEn dos semanas aproximadamente, el gobierno que encabeza el alcalde Constantino Casta\u00f1eda Mu\u00f1oz, comenzar\u00e1 con la obra de Iluminaci\u00f3n del conocido como Bordo del Malec\u00f3n, a partir del vado de la comunidad de los Ram\u00edrez a L\u00e1zaro C\u00e1rdenas, con una inversi\u00f3n de 526 mil pesos\u201d, inform\u00f3 el director de Obras y Servicios P\u00fablicos Asiel Felipe Garc\u00eda Mares.<\/p>\n<p>&nbsp;<\/p>\n<p>El funcionario se\u00f1al\u00f3 que este proyecto, se llevar\u00e1 a cabo con l\u00e1mparas tipo led, adem\u00e1s de que se colocar\u00e1n reflectores para ba\u00f1ar de luz el vado, con luminarias de 101 watts, y postes tipo l\u00e1tigo a 9 metros.<\/p>\n<p>&nbsp;<\/p>\n<p>\u201cEsta es una de tres etapas para completar todo el bordo y el malec\u00f3n, pero estamos comenzando por las partes m\u00e1s obscuras, sobre todo por un tema de seguridad; puesto que hay personas que transitan diariamente\u201d, se\u00f1al\u00f3.<\/p>\n<p>&nbsp;<\/p>\n<p>As\u00ed mismo, en el tema de luminarias, dijo que \u201ciniciamos en la Calle Delgadillo la instalaci\u00f3n de luminarias; luego continuamos con\u00a0la calle\u00a0Solidaridad y\u00a0Sertoma, adem\u00e1s de que las cuadrillas se encuentran haciendo reparaciones constantes\u201d.<\/p>\n<p>&nbsp;<\/p>\n<p>El director de obras y servicios p\u00fablicos, a\u00f1adi\u00f3 que \u201csabemos que nos est\u00e1n faltando algunas en comunidades y colonias, pero estamos trabajando de una manera intensa por indicaciones del presidente municipal; en donde se presentan fallas, acudimos y nada m\u00e1s en lo que nos tardamos en reparar la red y vuelve a funcionar\u201d.<\/p>\n<p>&nbsp;<\/p>\n<p>Garc\u00eda Mares, dijo que \u201ces necesario que la ciudadan\u00eda recuerde que estamos trabajando el tema de las luminarias, de manera gratuita, nada m\u00e1s es necesario que acudan a la direcci\u00f3n para hacer el reporte y de esta manera, nosotros podemos acudir a hacer la reparaci\u00f3n correspondiente\u201d.<\/p>\n<p>&nbsp;<\/p>\n","protected":false},"excerpt":{"rendered":"<p>\u201cEn dos semanas aproximadamente, el gobierno que encabeza el alcalde Constantino Casta\u00f1eda Mu\u00f1oz, comenzar\u00e1 con la obra de Iluminaci\u00f3n del conocido como Bordo del Malec\u00f3n, a partir del vado de la comunidad de los Ram\u00edrez a L\u00e1zaro C\u00e1rdenas, con una inversi\u00f3n de 526 mil pesos\u201d<\/p>\n","protected":false},"author":1,"featured_media":2309,"comment_status":"closed","ping_status":"closed","sticky":false,"template":"","format":"standard","meta":{"_monsterinsights_skip_tracking":false,"_monsterinsights_sitenote_active":false,"_monsterinsights_sitenote_note":"","_monsterinsights_sitenote_category":0,"footnotes":""},"categories":[8],"tags":[12,3,18],"class_list":["post-2308","post","type-post","status-publish","format-standard","has-post-thumbnail","hentry","category-gobierno-municipal-rio-grande-zacatecas","tag-comunicacion-social","tag-content-slide","tag-gobierno-municipal-rio-grande"],"jetpack_featured_media_url":"https:\/\/riograndezac.gob.mx\/informatica\/wp-content\/uploads\/2016\/01\/felipe-garcia.png","_links":{"self":[{"href":"https:\/\/riograndezac.gob.mx\/informatica\/index.php?rest_route=\/wp\/v2\/posts\/2308","targetHints":{"allow":["GET"]}}],"collection":[{"href":"https:\/\/riograndezac.gob.mx\/informatica\/index.php?rest_route=\/wp\/v2\/posts"}],"about":[{"href":"https:\/\/riograndezac.gob.mx\/informatica\/index.php?rest_route=\/wp\/v2\/types\/post"}],"author":[{"embeddable":true,"href":"https:\/\/riograndezac.gob.mx\/informatica\/index.php?rest_route=\/wp\/v2\/users\/1"}],"replies":[{"embeddable":true,"href":"https:\/\/riograndezac.gob.mx\/informatica\/index.php?rest_route=%2Fwp%2Fv2%2Fcomments&post=2308"}],"version-history":[{"count":1,"href":"https:\/\/riograndezac.gob.mx\/informatica\/index.php?rest_route=\/wp\/v2\/posts\/2308\/revisions"}],"predecessor-version":[{"id":2310,"href":"https:\/\/riograndezac.gob.mx\/informatica\/index.php?rest_route=\/wp\/v2\/posts\/2308\/revisions\/2310"}],"wp:featuredmedia":[{"embeddable":true,"href":"https:\/\/riograndezac.gob.mx\/informatica\/index.php?rest_route=\/wp\/v2\/media\/2309"}],"wp:attachment":[{"href":"https:\/\/riograndezac.gob.mx\/informatica\/index.php?rest_route=%2Fwp%2Fv2%2Fmedia&parent=2308"}],"wp:term":[{"taxonomy":"category","embeddable":true,"href":"https:\/\/riograndezac.gob.mx\/informatica\/index.php?rest_route=%2Fwp%2Fv2%2Fcategories&post=2308"},{"taxonomy":"post_tag","embeddable":true,"href":"https:\/\/riograndezac.gob.mx\/informatica\/index.php?rest_route=%2Fwp%2Fv2%2Ftags&post=2308"}],"curies":[{"name":"wp","href":"https:\/\/api.w.org\/{rel}","templated":true}]}}