{"id":2372,"date":"2016-01-18T23:36:26","date_gmt":"2016-01-19T05:36:26","guid":{"rendered":"http:\/\/riograndezac.gob.mx\/informatica\/?p=2372"},"modified":"2016-01-18T23:37:33","modified_gmt":"2016-01-19T05:37:33","slug":"alameda-2","status":"publish","type":"post","link":"https:\/\/riograndezac.gob.mx\/informatica\/?p=2372","title":{"rendered":"Alameda"},"content":{"rendered":"<p><a href=\"https:\/\/riograndezac.gob.mx\/informatica\/wp-content\/uploads\/2016\/01\/alameda-1.jpg\" rel=\"attachment wp-att-2373\"><img loading=\"lazy\" decoding=\"async\" class=\"aligncenter size-full wp-image-2373\" src=\"https:\/\/riograndezac.gob.mx\/informatica\/wp-content\/uploads\/2016\/01\/alameda-1.jpg\" alt=\"alameda (1)\" width=\"700\" height=\"393\" srcset=\"https:\/\/riograndezac.gob.mx\/informatica\/wp-content\/uploads\/2016\/01\/alameda-1.jpg 700w, https:\/\/riograndezac.gob.mx\/informatica\/wp-content\/uploads\/2016\/01\/alameda-1-300x168.jpg 300w, https:\/\/riograndezac.gob.mx\/informatica\/wp-content\/uploads\/2016\/01\/alameda-1-320x180.jpg 320w, https:\/\/riograndezac.gob.mx\/informatica\/wp-content\/uploads\/2016\/01\/alameda-1-24x13.jpg 24w, https:\/\/riograndezac.gob.mx\/informatica\/wp-content\/uploads\/2016\/01\/alameda-1-36x20.jpg 36w, https:\/\/riograndezac.gob.mx\/informatica\/wp-content\/uploads\/2016\/01\/alameda-1-48x27.jpg 48w\" sizes=\"auto, (max-width: 700px) 100vw, 700px\" \/><\/a><\/p>\n<p>\u201cSe concluy\u00f3 con la obra de la remodelaci\u00f3n de uno de nuestros \u00edconos, el Parque Central \u201cLa Alameda\u201d de R\u00edo Grande, por lo que est\u00e1 abierta al p\u00fablico\u201d, dio a conocer el alcalde Constantino Casta\u00f1eda Mu\u00f1oz.<\/p>\n<p>&nbsp;<\/p>\n<p>El primer mandatario, se\u00f1al\u00f3 que \u201cya tuvimos la oportunidad de ver algunos ni\u00f1os jugando y me da mucho gusto ver que es un lugar que ser\u00e1 para promover la unidad y la sana distracci\u00f3n entre las familias riograndenses, por lo que ahora la responsabilidad de cuidar este lugar, ser\u00e1 de todos\u201d.<\/p>\n<p>&nbsp;<\/p>\n<p>As\u00ed mismo, dijo que esta obra de remodelaci\u00f3n fue construida con 2 millones 700 mil pesos, recurso convenido entre el municipio y la Secretar\u00eda de Desarrollo Agrario Territorial y Urbano, (SEDATU), a trav\u00e9s del programa de Rescate de Espacios P\u00fablicos, en donde la dependencia federal aport\u00f3 el 50 por ciento, y el municipio, a trav\u00e9s del Fondo IV, la misma cantidad, la cual fue aprobada por el pleno del Cabildo.<\/p>\n<p>&nbsp;<\/p>\n<p>Inform\u00f3 que ya est\u00e1 lista el \u00e1rea infantil con juegos para las y los ni\u00f1os riograndenses, un teatro al aire libre para albergar cerca de 200 personas en eventos culturales y art\u00edsticos, los aparatos que conforman el gimnasio al aire libre, m\u00e1s de 2 mil metros cuadrados de pasto tipo kikuyo, aproximadamente, con sistema de riego por aspersores, as\u00ed como 19 bancas; se construy\u00f3 la boca de tormenta con tuber\u00eda de 24 pulgadas, corrugada, y una longitud de aproximadamente 70 metros.<\/p>\n<p>&nbsp;<\/p>\n<p>De igual manera quedaron instalados botes de basura en todas las instalaciones de la Alameda, adem\u00e1s de la iluminaci\u00f3n tipo led,\u00a0 la fuente y la se\u00f1al\u00e9tica para un mejor funcionamiento, adem\u00e1s de los andadores con concreto que incluyen tambi\u00e9n los accesos en ascenso y descenso con rampas para personas con alguna discapacidad.<\/p>\n<p>&nbsp;<\/p>\n<p>Casta\u00f1eda Mu\u00f1oz, indic\u00f3 que en breve se dar\u00e1 a conocer la fecha de inauguraci\u00f3n, con la intenci\u00f3n de que la poblaci\u00f3n asista, sin embargo, ya estar\u00e1 abierta a la poblaci\u00f3n para que acuda y conozca la nueva Alameda.<\/p>\n","protected":false},"excerpt":{"rendered":"<p>\u201cSe concluy\u00f3 con la obra de la remodelaci\u00f3n de uno de nuestros \u00edconos, el Parque Central \u201cLa Alameda\u201d de R\u00edo Grande, por lo que est\u00e1 abierta al p\u00fablico\u201d, dio a conocer el alcalde Constantino Casta\u00f1eda Mu\u00f1oz.<\/p>\n","protected":false},"author":1,"featured_media":2373,"comment_status":"closed","ping_status":"closed","sticky":false,"template":"","format":"standard","meta":{"_monsterinsights_skip_tracking":false,"_monsterinsights_sitenote_active":false,"_monsterinsights_sitenote_note":"","_monsterinsights_sitenote_category":0,"footnotes":""},"categories":[4],"tags":[12,3,18],"class_list":["post-2372","post","type-post","status-publish","format-standard","has-post-thumbnail","hentry","category-boletines","tag-comunicacion-social","tag-content-slide","tag-gobierno-municipal-rio-grande"],"jetpack_featured_media_url":"https:\/\/riograndezac.gob.mx\/informatica\/wp-content\/uploads\/2016\/01\/alameda-1.jpg","_links":{"self":[{"href":"https:\/\/riograndezac.gob.mx\/informatica\/index.php?rest_route=\/wp\/v2\/posts\/2372","targetHints":{"allow":["GET"]}}],"collection":[{"href":"https:\/\/riograndezac.gob.mx\/informatica\/index.php?rest_route=\/wp\/v2\/posts"}],"about":[{"href":"https:\/\/riograndezac.gob.mx\/informatica\/index.php?rest_route=\/wp\/v2\/types\/post"}],"author":[{"embeddable":true,"href":"https:\/\/riograndezac.gob.mx\/informatica\/index.php?rest_route=\/wp\/v2\/users\/1"}],"replies":[{"embeddable":true,"href":"https:\/\/riograndezac.gob.mx\/informatica\/index.php?rest_route=%2Fwp%2Fv2%2Fcomments&post=2372"}],"version-history":[{"count":1,"href":"https:\/\/riograndezac.gob.mx\/informatica\/index.php?rest_route=\/wp\/v2\/posts\/2372\/revisions"}],"predecessor-version":[{"id":2374,"href":"https:\/\/riograndezac.gob.mx\/informatica\/index.php?rest_route=\/wp\/v2\/posts\/2372\/revisions\/2374"}],"wp:featuredmedia":[{"embeddable":true,"href":"https:\/\/riograndezac.gob.mx\/informatica\/index.php?rest_route=\/wp\/v2\/media\/2373"}],"wp:attachment":[{"href":"https:\/\/riograndezac.gob.mx\/informatica\/index.php?rest_route=%2Fwp%2Fv2%2Fmedia&parent=2372"}],"wp:term":[{"taxonomy":"category","embeddable":true,"href":"https:\/\/riograndezac.gob.mx\/informatica\/index.php?rest_route=%2Fwp%2Fv2%2Fcategories&post=2372"},{"taxonomy":"post_tag","embeddable":true,"href":"https:\/\/riograndezac.gob.mx\/informatica\/index.php?rest_route=%2Fwp%2Fv2%2Ftags&post=2372"}],"curies":[{"name":"wp","href":"https:\/\/api.w.org\/{rel}","templated":true}]}}