{"id":2398,"date":"2016-01-20T22:21:44","date_gmt":"2016-01-21T04:21:44","guid":{"rendered":"http:\/\/riograndezac.gob.mx\/informatica\/?p=2398"},"modified":"2016-01-20T22:21:44","modified_gmt":"2016-01-21T04:21:44","slug":"capacidades-diferentes","status":"publish","type":"post","link":"https:\/\/riograndezac.gob.mx\/informatica\/?p=2398","title":{"rendered":"Capacidades diferentes"},"content":{"rendered":"<p><a href=\"https:\/\/riograndezac.gob.mx\/informatica\/wp-content\/uploads\/2016\/01\/becas-3.jpg\" rel=\"attachment wp-att-2399\"><img loading=\"lazy\" decoding=\"async\" class=\"aligncenter size-full wp-image-2399\" src=\"https:\/\/riograndezac.gob.mx\/informatica\/wp-content\/uploads\/2016\/01\/becas-3.jpg\" alt=\"becas (3)\" width=\"700\" height=\"466\" srcset=\"https:\/\/riograndezac.gob.mx\/informatica\/wp-content\/uploads\/2016\/01\/becas-3.jpg 700w, https:\/\/riograndezac.gob.mx\/informatica\/wp-content\/uploads\/2016\/01\/becas-3-300x200.jpg 300w, https:\/\/riograndezac.gob.mx\/informatica\/wp-content\/uploads\/2016\/01\/becas-3-24x16.jpg 24w, https:\/\/riograndezac.gob.mx\/informatica\/wp-content\/uploads\/2016\/01\/becas-3-36x24.jpg 36w, https:\/\/riograndezac.gob.mx\/informatica\/wp-content\/uploads\/2016\/01\/becas-3-48x32.jpg 48w\" sizes=\"auto, (max-width: 700px) 100vw, 700px\" \/><\/a><\/p>\n<p>\u201cEs para nosotros un gusto informar que gracias al respaldo del presidente municipal Constantino Casta\u00f1eda Mu\u00f1oz, logramos la gesti\u00f3n para beneficiar a 32 personas que presentan diferentes tipos de discapacidades\u201d, se\u00f1al\u00f3 la comisionada municipal de la subsecretaria para la inclusi\u00f3n de personas con discapacidad, Aurelia L\u00f3pez G\u00f3mez<\/p>\n<p>&nbsp;<\/p>\n<p>La funcionaria se\u00f1al\u00f3 que \u201cde ellas 26 son de mil 200 pesos correspondiente a las becas proveer que como su nombre lo dice, se enfoca principalmente en ni\u00f1os con discapacidad que se encuentran en escuelas, y 6 becas Sumar por la cantidad de mil 600 pesos que son destinadas principalmente a las personas adultas con alguna discapacidad y que realmente su situaci\u00f3n es vulnerable\u201d.<\/p>\n<p>&nbsp;<\/p>\n<p>\u201cEs un beneficio pro la cantidad de 40 mil 800 pesos gestionados ante la Secretaria de Inclusi\u00f3n de Personas con Discapacidad, es importante mencionar que la convocatoria est\u00e1 abierta para recibir m\u00e1s personas, reconocer el esfuerzo que en conjunto se realiza con las trabajadoras sociales de Usaer, y de m\u00e1s instituciones educativas, pues por medio de ellas comenzamos a darle el seguimiento a estas personas, a los ni\u00f1os y a los adultos con un estudio socioecon\u00f3mico acompa\u00f1ado de un diagnostico psicol\u00f3gico y una valoraci\u00f3n m\u00e9dica\u201d, inform\u00f3.<\/p>\n<p>&nbsp;<\/p>\n<p>\u201cApoyar en la mejor de las medidas a este sector de la poblaci\u00f3n no ha dejado de ser prioridad para esta administraci\u00f3n, queremos agradecer y reconocer el esfuerzo que hace el presidente Constantino Casta\u00f1eda Mu\u00f1oz pues el inter\u00e9s y el respaldo que nos ha brindado ha sido muy significativo, nos sentimos tomados en cuenta\u201d, destac\u00f3 Ma. Cruz Serna Cruz, beneficiaria de la comunidad de Noria del Boyero.<\/p>\n<p>&nbsp;<\/p>\n<p>\u201cSabemos que la movilidad limitada es la que presenta una persona a causa de una secuela, manifiesta alteraciones generales o espec\u00edficas, dificulta el desplazamiento de las personas, de la discapacidad motriz son varios podemos mencionar movimientos incontrolados, dificultades de coordinaci\u00f3n, alcance limitado, fuerza reducida, habla no inteligible, dificultad con la motricidad fina y gruesa, mala accesibilidad al medio f\u00edsico\u201d, coment\u00f3 Aurelia L\u00f3pez.<\/p>\n<p>&nbsp;<\/p>\n<p>\u201cPor otra parte tenemos personas con discapacidad visual y otras m\u00e1s con discapacidad intelectual que es una anomal\u00eda en proceso de aprendizaje, esto se entiende como la adquisici\u00f3n lenta e incompleta de las habilidades cognitivas durante el desarrollo humano, que conduce finalmente a limitaciones sustanciales en el desarrollo, se caracteriza por un funcionamiento intelectual significativamente inferior a la media, que tiene lugar junto a limitaciones asociadas en la comunicaci\u00f3n, cuidado personal, vida en el hogar, habilidades sociales, utilizaci\u00f3n de la comunidad, autogobierno, salud y seguridad, habilidades acad\u00e9micas funcionales y trabajo\u201d, finaliz\u00f3.<\/p>\n<p>&nbsp;<\/p>\n","protected":false},"excerpt":{"rendered":"<p>\u201cEs para nosotros un gusto informar que gracias al respaldo del presidente municipal Constantino Casta\u00f1eda Mu\u00f1oz, logramos la gesti\u00f3n para beneficiar a 32 personas que presentan diferentes tipos de discapacidades\u201d, se\u00f1al\u00f3 la comisionada municipal de la subsecretaria para la inclusi\u00f3n de personas con discapacidad, Aurelia L\u00f3pez G\u00f3mez<\/p>\n","protected":false},"author":1,"featured_media":2399,"comment_status":"closed","ping_status":"closed","sticky":false,"template":"","format":"standard","meta":{"_monsterinsights_skip_tracking":false,"_monsterinsights_sitenote_active":false,"_monsterinsights_sitenote_note":"","_monsterinsights_sitenote_category":0,"footnotes":""},"categories":[8],"tags":[12,3,18],"class_list":["post-2398","post","type-post","status-publish","format-standard","has-post-thumbnail","hentry","category-gobierno-municipal-rio-grande-zacatecas","tag-comunicacion-social","tag-content-slide","tag-gobierno-municipal-rio-grande"],"jetpack_featured_media_url":"https:\/\/riograndezac.gob.mx\/informatica\/wp-content\/uploads\/2016\/01\/becas-3.jpg","_links":{"self":[{"href":"https:\/\/riograndezac.gob.mx\/informatica\/index.php?rest_route=\/wp\/v2\/posts\/2398","targetHints":{"allow":["GET"]}}],"collection":[{"href":"https:\/\/riograndezac.gob.mx\/informatica\/index.php?rest_route=\/wp\/v2\/posts"}],"about":[{"href":"https:\/\/riograndezac.gob.mx\/informatica\/index.php?rest_route=\/wp\/v2\/types\/post"}],"author":[{"embeddable":true,"href":"https:\/\/riograndezac.gob.mx\/informatica\/index.php?rest_route=\/wp\/v2\/users\/1"}],"replies":[{"embeddable":true,"href":"https:\/\/riograndezac.gob.mx\/informatica\/index.php?rest_route=%2Fwp%2Fv2%2Fcomments&post=2398"}],"version-history":[{"count":1,"href":"https:\/\/riograndezac.gob.mx\/informatica\/index.php?rest_route=\/wp\/v2\/posts\/2398\/revisions"}],"predecessor-version":[{"id":2400,"href":"https:\/\/riograndezac.gob.mx\/informatica\/index.php?rest_route=\/wp\/v2\/posts\/2398\/revisions\/2400"}],"wp:featuredmedia":[{"embeddable":true,"href":"https:\/\/riograndezac.gob.mx\/informatica\/index.php?rest_route=\/wp\/v2\/media\/2399"}],"wp:attachment":[{"href":"https:\/\/riograndezac.gob.mx\/informatica\/index.php?rest_route=%2Fwp%2Fv2%2Fmedia&parent=2398"}],"wp:term":[{"taxonomy":"category","embeddable":true,"href":"https:\/\/riograndezac.gob.mx\/informatica\/index.php?rest_route=%2Fwp%2Fv2%2Fcategories&post=2398"},{"taxonomy":"post_tag","embeddable":true,"href":"https:\/\/riograndezac.gob.mx\/informatica\/index.php?rest_route=%2Fwp%2Fv2%2Ftags&post=2398"}],"curies":[{"name":"wp","href":"https:\/\/api.w.org\/{rel}","templated":true}]}}