{"id":2431,"date":"2016-01-22T23:25:41","date_gmt":"2016-01-23T05:25:41","guid":{"rendered":"http:\/\/riograndezac.gob.mx\/informatica\/?p=2431"},"modified":"2016-01-22T23:25:41","modified_gmt":"2016-01-23T05:25:41","slug":"fondo-plata","status":"publish","type":"post","link":"https:\/\/riograndezac.gob.mx\/informatica\/?p=2431","title":{"rendered":"Fondo plata"},"content":{"rendered":"<p><a href=\"https:\/\/riograndezac.gob.mx\/informatica\/wp-content\/uploads\/2016\/01\/FONDO-PLATA-3.jpg\" rel=\"attachment wp-att-2432\"><img loading=\"lazy\" decoding=\"async\" class=\"aligncenter size-full wp-image-2432\" src=\"https:\/\/riograndezac.gob.mx\/informatica\/wp-content\/uploads\/2016\/01\/FONDO-PLATA-3.jpg\" alt=\"FONDO PLATA (3)\" width=\"700\" height=\"413\" srcset=\"https:\/\/riograndezac.gob.mx\/informatica\/wp-content\/uploads\/2016\/01\/FONDO-PLATA-3.jpg 700w, https:\/\/riograndezac.gob.mx\/informatica\/wp-content\/uploads\/2016\/01\/FONDO-PLATA-3-300x177.jpg 300w, https:\/\/riograndezac.gob.mx\/informatica\/wp-content\/uploads\/2016\/01\/FONDO-PLATA-3-24x14.jpg 24w, https:\/\/riograndezac.gob.mx\/informatica\/wp-content\/uploads\/2016\/01\/FONDO-PLATA-3-36x21.jpg 36w, https:\/\/riograndezac.gob.mx\/informatica\/wp-content\/uploads\/2016\/01\/FONDO-PLATA-3-48x28.jpg 48w\" sizes=\"auto, (max-width: 700px) 100vw, 700px\" \/><\/a><\/p>\n<p>\u201cGracias al respaldo del presidente municipal Constantino Casta\u00f1eda Mu\u00f1oz, fue posible la realizaci\u00f3n de una reuni\u00f3n con medio centenar de empresarios riograndenses con personal del Fondo Plata\u201d, inform\u00f3 Carlos Arroyo Hern\u00e1ndez director de Desarrollo Econ\u00f3mico y Social.<\/p>\n<p>&nbsp;<\/p>\n<p>\u201cContamos con la asistencia de Jorge Escare\u00f1o Ben\u00edtez, titular de Fondo Plata Zacatecas, con la intenci\u00f3n de dar a conocer las alternativas de financiamiento a los empresarios y negocios que tenemos en R\u00edo Grande que pr\u00e1cticamente es el un financiamiento por parte del estado donde se busca impulsar a los sectores econ\u00f3micos\u201d, se\u00f1al\u00f3.<\/p>\n<p>&nbsp;<\/p>\n<p>\u201cAnteriormente tuvimos el acercamiento, pues ya contamos con la ventanilla del Fondo Plata donde atendemos a todas las personas que requieran de un financiamiento y que pretenden iniciar un negocio o bien reforzar su actividad empresarial, b\u00e1sicamente el financiamiento va dirigido a las micro y peque\u00f1as empresas que contribuyen al desarrollo econ\u00f3mico\u201d, dijo.<\/p>\n<p>&nbsp;<\/p>\n<p>Arroyo Hern\u00e1ndez, dijo que \u201cnos presentaron un esquema de financiamiento muy interesante y atractivo que consiste en el 6% de inter\u00e9s anual en los cr\u00e9ditos que ofrece fondo plata con los requisitos b\u00e1sicos adem\u00e1s de contar ya con una empresa o negocio funcional, nos explicaron quienes quedan sujetos a cr\u00e9dito, a personas f\u00edsicas y morales que tengan operaci\u00f3n de empresas dentro del municipio\u201d.<\/p>\n<p>&nbsp;<\/p>\n<p>De igual manera, que \u201clos cr\u00e9ditos abarcan para el capital de trabajo, refaccionaria para maquinaria y equipo de instalaciones f\u00edsicas, los montos van desde los 10 mil pesos hasta 1 o 2 millones de pesos, adem\u00e1s de extender el financiamiento tradicional de una tasa de inter\u00e9s del 12% anual fija con un plazo de 36 meses adem\u00e1s de contar con el beneficio de reducir la tasa de inter\u00e9s al 9% anual por pago oportuno\u201d.<\/p>\n<p>&nbsp;<\/p>\n<p>\u201cCapacitaci\u00f3n y asistencia t\u00e9cnica donde tenemos la instrucci\u00f3n del presidente Constantino Casta\u00f1eda Mu\u00f1oz de integrar a las peque\u00f1as y medianas empresas que deseen fortalecer su negocio, aprovechar este aliado que esta para impulsar el desarrollo econ\u00f3mico pues hasta el final de esta administraci\u00f3n atenderemos a este sector\u201d, finaliz\u00f3.<\/p>\n<p>&nbsp;<\/p>\n","protected":false},"excerpt":{"rendered":"<p>\u201cGracias al respaldo del presidente municipal Constantino Casta\u00f1eda Mu\u00f1oz, fue posible la realizaci\u00f3n de una reuni\u00f3n con medio centenar de empresarios riograndenses con personal del Fondo Plata\u201d, inform\u00f3 Carlos Arroyo Hern\u00e1ndez director de Desarrollo Econ\u00f3mico y Social.<\/p>\n","protected":false},"author":1,"featured_media":2432,"comment_status":"closed","ping_status":"closed","sticky":false,"template":"","format":"standard","meta":{"_monsterinsights_skip_tracking":false,"_monsterinsights_sitenote_active":false,"_monsterinsights_sitenote_note":"","_monsterinsights_sitenote_category":0,"footnotes":""},"categories":[8],"tags":[12,3,18],"class_list":["post-2431","post","type-post","status-publish","format-standard","has-post-thumbnail","hentry","category-gobierno-municipal-rio-grande-zacatecas","tag-comunicacion-social","tag-content-slide","tag-gobierno-municipal-rio-grande"],"jetpack_featured_media_url":"https:\/\/riograndezac.gob.mx\/informatica\/wp-content\/uploads\/2016\/01\/FONDO-PLATA-3.jpg","_links":{"self":[{"href":"https:\/\/riograndezac.gob.mx\/informatica\/index.php?rest_route=\/wp\/v2\/posts\/2431","targetHints":{"allow":["GET"]}}],"collection":[{"href":"https:\/\/riograndezac.gob.mx\/informatica\/index.php?rest_route=\/wp\/v2\/posts"}],"about":[{"href":"https:\/\/riograndezac.gob.mx\/informatica\/index.php?rest_route=\/wp\/v2\/types\/post"}],"author":[{"embeddable":true,"href":"https:\/\/riograndezac.gob.mx\/informatica\/index.php?rest_route=\/wp\/v2\/users\/1"}],"replies":[{"embeddable":true,"href":"https:\/\/riograndezac.gob.mx\/informatica\/index.php?rest_route=%2Fwp%2Fv2%2Fcomments&post=2431"}],"version-history":[{"count":1,"href":"https:\/\/riograndezac.gob.mx\/informatica\/index.php?rest_route=\/wp\/v2\/posts\/2431\/revisions"}],"predecessor-version":[{"id":2433,"href":"https:\/\/riograndezac.gob.mx\/informatica\/index.php?rest_route=\/wp\/v2\/posts\/2431\/revisions\/2433"}],"wp:featuredmedia":[{"embeddable":true,"href":"https:\/\/riograndezac.gob.mx\/informatica\/index.php?rest_route=\/wp\/v2\/media\/2432"}],"wp:attachment":[{"href":"https:\/\/riograndezac.gob.mx\/informatica\/index.php?rest_route=%2Fwp%2Fv2%2Fmedia&parent=2431"}],"wp:term":[{"taxonomy":"category","embeddable":true,"href":"https:\/\/riograndezac.gob.mx\/informatica\/index.php?rest_route=%2Fwp%2Fv2%2Fcategories&post=2431"},{"taxonomy":"post_tag","embeddable":true,"href":"https:\/\/riograndezac.gob.mx\/informatica\/index.php?rest_route=%2Fwp%2Fv2%2Ftags&post=2431"}],"curies":[{"name":"wp","href":"https:\/\/api.w.org\/{rel}","templated":true}]}}