{"id":2452,"date":"2016-01-25T18:26:05","date_gmt":"2016-01-26T00:26:05","guid":{"rendered":"http:\/\/riograndezac.gob.mx\/informatica\/?p=2452"},"modified":"2016-01-25T18:27:38","modified_gmt":"2016-01-26T00:27:38","slug":"eleccion-reina-de-carnaval-rio-2016","status":"publish","type":"post","link":"https:\/\/riograndezac.gob.mx\/informatica\/?p=2452","title":{"rendered":"Elecci\u00f3n Reina de carnaval rio 2016"},"content":{"rendered":"<p><a href=\"https:\/\/riograndezac.gob.mx\/informatica\/wp-content\/uploads\/2016\/01\/corte-real-1.jpg\" rel=\"attachment wp-att-2453\"><img loading=\"lazy\" decoding=\"async\" class=\"aligncenter size-full wp-image-2453\" src=\"https:\/\/riograndezac.gob.mx\/informatica\/wp-content\/uploads\/2016\/01\/corte-real-1.jpg\" alt=\"corte real (1)\" width=\"700\" height=\"1051\" \/><\/a><\/p>\n<p>Como parte de las actividades que se llevar\u00e1n a cabo en el marco de la fiesta de las y los riograndenses, el Gobierno Municipal, extendi\u00f3 la invitaci\u00f3n a la ciudadan\u00eda en general a participar y formar parte de la feria de carnaval en su edici\u00f3n 52, por lo que felicit\u00f3 a Kareli I, Su Alteza Real Rosy y la princesa Consuelo.<\/p>\n<p>&nbsp;<\/p>\n<p>Las mujeres bellas, Selena, Karely, Jahel, Consuelo, Karla, Susan, Mar\u00eda Mercedes y Rosa Isela cumplieron en orden con cada uno de los requisitos expedidos en la convocatoria, recorrieron las principales calles del municipio para darse a conocer ante toda la ciudadan\u00eda.<\/p>\n<p>&nbsp;<\/p>\n<p>Para el domingo por la tarde, en el gimnasio municipal se llev\u00f3 a cabo la pasarela en donde las concursantes participaron con vestido casual y de noche para que un grupo de jueces expertos en la materia decidiera quien de este ramillete de bellas se\u00f1oritas representar\u00eda a la mujer riograndense, pues los aspectos a calificar entre otras la belleza, la elegancia y los conocimientos que determinaran la corte real.<\/p>\n<p>&nbsp;<\/p>\n<p>Ante un abarrotado auditorio municipal, con la asistencia de casi 5 mil personas que acudieron para conocer a su representante y su corte real, estaba en completa ansia al momento de dar los resultados de la competencia donde la adrenalina de las concursantes aumentaba al ritmo de las porras que en apoyo sus familias reunieron durante m\u00e1s de 3 emocionantes horas que dur\u00f3 el certamen.<\/p>\n<p>&nbsp;<\/p>\n<p>Finalmente el veredicto concedi\u00f3 el honor de llamar su graciosa majestad a Karely, su alteza real Rosy y la princesa Consuelo, para conformarla corte real para esta pr\u00f3xima fiesta de los riograndenses en su edici\u00f3n 52, que estuvo acompa\u00f1ada por el grupo sensaci\u00f3n del momento los Inolvidables, quienes hicieron bailar y aplaudir a los miles y miles que acudieron durante esta fr\u00eda noche.<\/p>\n<p>&nbsp;<\/p>\n<p>La coronaci\u00f3n ser\u00e1 el pr\u00f3ximo 5 de febrero, d\u00eda en que arrancar\u00e1 formalmente la m\u00e1xima fiesta, carnaval que ser\u00e1 acorde a las necesidades y peticiones de la ciudadan\u00eda, pues se contara con espect\u00e1culos para chicos y grandes.<\/p>\n<p>&nbsp;<\/p>\n<p>As\u00ed mismo se\u00f1al\u00f3 que en lo que concierne al teatro del pueblo ya se tienen pl\u00e1ticas con diferentes agrupaciones y artistas, por lo que en pr\u00f3ximos d\u00edas dar\u00e1n a conocer el programa general, y pidi\u00f3 al pueblo de R\u00edo Grande su comprensi\u00f3n pero se trabaja a marchas forzadas, pero que ser\u00e1 una fiesta digna del pueblo y para el pueblo.<\/p>\n","protected":false},"excerpt":{"rendered":"<p>Como parte de las actividades que se llevar\u00e1n a cabo en el marco de la fiesta de las y los riograndenses, el Gobierno Municipal, extendi\u00f3 la invitaci\u00f3n a la ciudadan\u00eda en general a participar y formar parte de la feria de carnaval en su edici\u00f3n 52, por lo que felicit\u00f3 a Kareli I, Su Alteza Real Rosy y la princesa Consuelo.<\/p>\n","protected":false},"author":1,"featured_media":2453,"comment_status":"closed","ping_status":"closed","sticky":false,"template":"","format":"standard","meta":{"_monsterinsights_skip_tracking":false,"_monsterinsights_sitenote_active":false,"_monsterinsights_sitenote_note":"","_monsterinsights_sitenote_category":0,"footnotes":""},"categories":[49,8],"tags":[12,3,18],"class_list":["post-2452","post","type-post","status-publish","format-standard","has-post-thumbnail","hentry","category-cultura","category-gobierno-municipal-rio-grande-zacatecas","tag-comunicacion-social","tag-content-slide","tag-gobierno-municipal-rio-grande"],"jetpack_featured_media_url":"https:\/\/riograndezac.gob.mx\/informatica\/wp-content\/uploads\/2016\/01\/corte-real-1-e1453768046932.jpg","_links":{"self":[{"href":"https:\/\/riograndezac.gob.mx\/informatica\/index.php?rest_route=\/wp\/v2\/posts\/2452","targetHints":{"allow":["GET"]}}],"collection":[{"href":"https:\/\/riograndezac.gob.mx\/informatica\/index.php?rest_route=\/wp\/v2\/posts"}],"about":[{"href":"https:\/\/riograndezac.gob.mx\/informatica\/index.php?rest_route=\/wp\/v2\/types\/post"}],"author":[{"embeddable":true,"href":"https:\/\/riograndezac.gob.mx\/informatica\/index.php?rest_route=\/wp\/v2\/users\/1"}],"replies":[{"embeddable":true,"href":"https:\/\/riograndezac.gob.mx\/informatica\/index.php?rest_route=%2Fwp%2Fv2%2Fcomments&post=2452"}],"version-history":[{"count":1,"href":"https:\/\/riograndezac.gob.mx\/informatica\/index.php?rest_route=\/wp\/v2\/posts\/2452\/revisions"}],"predecessor-version":[{"id":2454,"href":"https:\/\/riograndezac.gob.mx\/informatica\/index.php?rest_route=\/wp\/v2\/posts\/2452\/revisions\/2454"}],"wp:featuredmedia":[{"embeddable":true,"href":"https:\/\/riograndezac.gob.mx\/informatica\/index.php?rest_route=\/wp\/v2\/media\/2453"}],"wp:attachment":[{"href":"https:\/\/riograndezac.gob.mx\/informatica\/index.php?rest_route=%2Fwp%2Fv2%2Fmedia&parent=2452"}],"wp:term":[{"taxonomy":"category","embeddable":true,"href":"https:\/\/riograndezac.gob.mx\/informatica\/index.php?rest_route=%2Fwp%2Fv2%2Fcategories&post=2452"},{"taxonomy":"post_tag","embeddable":true,"href":"https:\/\/riograndezac.gob.mx\/informatica\/index.php?rest_route=%2Fwp%2Fv2%2Ftags&post=2452"}],"curies":[{"name":"wp","href":"https:\/\/api.w.org\/{rel}","templated":true}]}}