{"id":2480,"date":"2016-01-27T22:05:07","date_gmt":"2016-01-28T04:05:07","guid":{"rendered":"http:\/\/riograndezac.gob.mx\/informatica\/?p=2480"},"modified":"2016-01-27T22:05:07","modified_gmt":"2016-01-28T04:05:07","slug":"operacion-milagro-3","status":"publish","type":"post","link":"https:\/\/riograndezac.gob.mx\/informatica\/?p=2480","title":{"rendered":"Operaci\u00f3n milagro"},"content":{"rendered":"<p><a href=\"https:\/\/riograndezac.gob.mx\/informatica\/wp-content\/uploads\/2016\/01\/operacion-milagro-2-1.png\" rel=\"attachment wp-att-2482\"><img loading=\"lazy\" decoding=\"async\" class=\"aligncenter size-full wp-image-2482\" src=\"https:\/\/riograndezac.gob.mx\/informatica\/wp-content\/uploads\/2016\/01\/operacion-milagro-2-1.png\" alt=\"operacion milagro (2)\" width=\"700\" height=\"450\" srcset=\"https:\/\/riograndezac.gob.mx\/informatica\/wp-content\/uploads\/2016\/01\/operacion-milagro-2-1.png 700w, https:\/\/riograndezac.gob.mx\/informatica\/wp-content\/uploads\/2016\/01\/operacion-milagro-2-1-300x193.png 300w, https:\/\/riograndezac.gob.mx\/informatica\/wp-content\/uploads\/2016\/01\/operacion-milagro-2-1-24x15.png 24w, https:\/\/riograndezac.gob.mx\/informatica\/wp-content\/uploads\/2016\/01\/operacion-milagro-2-1-36x23.png 36w, https:\/\/riograndezac.gob.mx\/informatica\/wp-content\/uploads\/2016\/01\/operacion-milagro-2-1-48x31.png 48w\" sizes=\"auto, (max-width: 700px) 100vw, 700px\" \/><\/a><\/p>\n<p>Derivado de la atenci\u00f3n a m\u00e1s de 200 pacientes de diferentes municipios en la pasada brigada realizada con el fin de detectar los problemas visuales de la poblaci\u00f3n, 27 pacientes viajaron a la ciudad de Monterrey y Saltillo para su atenci\u00f3n.<\/p>\n<p>&nbsp;<\/p>\n<p>\u201cA inicios de este a\u00f1o, se realiz\u00f3 la primera brigada 2016 con m\u00e9dicos especialistas en temas visuales como cataratas, estrabismo, desprendimientos de retina, miop\u00edas entre otros, que previo a un diagnostico se determin\u00f3 el tratamiento o bien el paciente resulto ser posible candidato a cirug\u00eda, adem\u00e1s de t\u00e9cnicos optometristas para la adaptaci\u00f3n de lentes con su respectiva graduaci\u00f3n y armaz\u00f3n para quien as\u00ed lo requiera\u201d, inform\u00f3 Ramiro Arredondo Gonz\u00e1lez, coordinador general de la Fundaci\u00f3n.<\/p>\n<p>&nbsp;<\/p>\n<p>\u201cEs la primera brigada del a\u00f1o aqu\u00ed en el municipio, de antemano agradecer el respaldo del alcalde Constantino Casta\u00f1eda Mu\u00f1oz, que ha mostrado preocupaci\u00f3n por la salud de los ciudadanos y en especial con las personas de edad avanzada, con lo que seguimos al frente en lo estipulado en la fundaci\u00f3n, atender a todos los riograndenses y llegar a cada rinc\u00f3n zacatecano\u201d se\u00f1al\u00f3.<\/p>\n<p>&nbsp;<\/p>\n<p>As\u00ed mismo, dijo que \u201c27 pacientes se atendieron de problemas de catarata, de astigmatismo, de retina, y unos pacientes m\u00e1s acudieron a realizarse estudios m\u00e1s a profundidad para descartar alg\u00fan problema de la vista, somos exigentes en el servicio, es por ello que los pacientes son atendidos en las mejores condiciones y de la m\u00e1s alta tecnolog\u00eda\u201d<\/p>\n<p>&nbsp;<\/p>\n<p>Agreg\u00f3 que \u201cagradecemos a la Administraci\u00f3n Municipal, y a la buena voluntad y coordinaci\u00f3n que hay con el ayuntamiento, ya que estas personas fueron trasladadas en el autob\u00fas oficial de la presidencia y que gracias a ello, los pacientes no pagaron el pasaje solo sus gastos personales y los de sus acompa\u00f1antes\u201d.<\/p>\n<p>&nbsp;<\/p>\n","protected":false},"excerpt":{"rendered":"<p>Derivado de la atenci\u00f3n a m\u00e1s de 200 pacientes de diferentes municipios en la pasada brigada realizada con el fin de detectar los problemas visuales de la poblaci\u00f3n, 27 pacientes viajaron a la ciudad de Monterrey y Saltillo para su atenci\u00f3n.<\/p>\n","protected":false},"author":1,"featured_media":2481,"comment_status":"closed","ping_status":"closed","sticky":false,"template":"","format":"standard","meta":{"_monsterinsights_skip_tracking":false,"_monsterinsights_sitenote_active":false,"_monsterinsights_sitenote_note":"","_monsterinsights_sitenote_category":0,"footnotes":""},"categories":[4],"tags":[12,3,18],"class_list":["post-2480","post","type-post","status-publish","format-standard","has-post-thumbnail","hentry","category-boletines","tag-comunicacion-social","tag-content-slide","tag-gobierno-municipal-rio-grande"],"jetpack_featured_media_url":"https:\/\/riograndezac.gob.mx\/informatica\/wp-content\/uploads\/2016\/01\/operacion-milagro-2.png","_links":{"self":[{"href":"https:\/\/riograndezac.gob.mx\/informatica\/index.php?rest_route=\/wp\/v2\/posts\/2480","targetHints":{"allow":["GET"]}}],"collection":[{"href":"https:\/\/riograndezac.gob.mx\/informatica\/index.php?rest_route=\/wp\/v2\/posts"}],"about":[{"href":"https:\/\/riograndezac.gob.mx\/informatica\/index.php?rest_route=\/wp\/v2\/types\/post"}],"author":[{"embeddable":true,"href":"https:\/\/riograndezac.gob.mx\/informatica\/index.php?rest_route=\/wp\/v2\/users\/1"}],"replies":[{"embeddable":true,"href":"https:\/\/riograndezac.gob.mx\/informatica\/index.php?rest_route=%2Fwp%2Fv2%2Fcomments&post=2480"}],"version-history":[{"count":1,"href":"https:\/\/riograndezac.gob.mx\/informatica\/index.php?rest_route=\/wp\/v2\/posts\/2480\/revisions"}],"predecessor-version":[{"id":2483,"href":"https:\/\/riograndezac.gob.mx\/informatica\/index.php?rest_route=\/wp\/v2\/posts\/2480\/revisions\/2483"}],"wp:featuredmedia":[{"embeddable":true,"href":"https:\/\/riograndezac.gob.mx\/informatica\/index.php?rest_route=\/wp\/v2\/media\/2481"}],"wp:attachment":[{"href":"https:\/\/riograndezac.gob.mx\/informatica\/index.php?rest_route=%2Fwp%2Fv2%2Fmedia&parent=2480"}],"wp:term":[{"taxonomy":"category","embeddable":true,"href":"https:\/\/riograndezac.gob.mx\/informatica\/index.php?rest_route=%2Fwp%2Fv2%2Fcategories&post=2480"},{"taxonomy":"post_tag","embeddable":true,"href":"https:\/\/riograndezac.gob.mx\/informatica\/index.php?rest_route=%2Fwp%2Fv2%2Ftags&post=2480"}],"curies":[{"name":"wp","href":"https:\/\/api.w.org\/{rel}","templated":true}]}}