{"id":2484,"date":"2016-01-27T22:08:45","date_gmt":"2016-01-28T04:08:45","guid":{"rendered":"http:\/\/riograndezac.gob.mx\/informatica\/?p=2484"},"modified":"2016-01-27T22:08:45","modified_gmt":"2016-01-28T04:08:45","slug":"terapias","status":"publish","type":"post","link":"https:\/\/riograndezac.gob.mx\/informatica\/?p=2484","title":{"rendered":"Terapias"},"content":{"rendered":"<p><a href=\"https:\/\/riograndezac.gob.mx\/informatica\/wp-content\/uploads\/2016\/01\/terapias-1.png\" rel=\"attachment wp-att-2485\"><img loading=\"lazy\" decoding=\"async\" class=\"aligncenter size-full wp-image-2485\" src=\"https:\/\/riograndezac.gob.mx\/informatica\/wp-content\/uploads\/2016\/01\/terapias-1.png\" alt=\"terapias (1)\" width=\"700\" height=\"479\" srcset=\"https:\/\/riograndezac.gob.mx\/informatica\/wp-content\/uploads\/2016\/01\/terapias-1.png 700w, https:\/\/riograndezac.gob.mx\/informatica\/wp-content\/uploads\/2016\/01\/terapias-1-300x205.png 300w, https:\/\/riograndezac.gob.mx\/informatica\/wp-content\/uploads\/2016\/01\/terapias-1-24x16.png 24w, https:\/\/riograndezac.gob.mx\/informatica\/wp-content\/uploads\/2016\/01\/terapias-1-36x25.png 36w, https:\/\/riograndezac.gob.mx\/informatica\/wp-content\/uploads\/2016\/01\/terapias-1-48x33.png 48w\" sizes=\"auto, (max-width: 700px) 100vw, 700px\" \/><\/a><\/p>\n<p>Con el respaldo del Gobierno Municipal, a trav\u00e9s del Instituto Municipal de Cultura, se aperturaron los talleres de Gimnasia Cerebral e inteligencia emocional en la Casa de la Cultura Lu\u00eds Cerrillo C\u00e1zares, todos los viernes.<\/p>\n<p>&nbsp;<\/p>\n<p>Jos\u00e9 Merced Zapata Zavala, titular del Instituto de Cultura, se\u00f1al\u00f3 que, \u201cseguimos dando apertura a todas las asociaciones que de una u otra manera aportan a la cultura y desarrollo de nuestra gente, es por ello, que estamos apoyando a la asociaci\u00f3n civil Gripe, a trav\u00e9s de Luis Miguel Marmolejo Jaramillo, director Operativo.<\/p>\n<p>&nbsp;<\/p>\n<p>Por parte de Marmolejo Jaramillo, se\u00f1al\u00f3 que \u201crealizamos la apertura de talleres de gimnasia cerebral e inteligencia emocional, la idea es abrir un taller que podamos atender dos veces a la semana durante dos meses los d\u00edas viernes ya esta contemplado para trabajar de 4 de la tarde a las 7 de la noche\u201d.<\/p>\n<p>&nbsp;<\/p>\n<p>Expuso que \u201cva dirigido a toda la poblaci\u00f3n, la gimnasia cerebral es la conectividad hemisferio que buscamos para que el cerebro tenga una mejor funcionalidad para despertar as\u00ed los canales cognitivos y el control emocional tambi\u00e9n se desarrolla para que la gente tenga m\u00e1s habilidades\u201d.<\/p>\n<p>&nbsp;<\/p>\n<p>A\u00f1adi\u00f3 que \u201cla invitaci\u00f3n es a los padres de familia mediante las escuelas, maestros, directores, a todo el p\u00fablico en general, la entrada es gratuita y abrir un taller es ya cuesti\u00f3n de ver el n\u00famero de cuantas personas asistir\u00e1n para manejar una aportaci\u00f3n m\u00ednima para material, pues es una asociaci\u00f3n civil; trabajaremos con ni\u00f1os con hiperactividad, tdh, autismo, personas con conducta agresiva que no enfoquen su atenci\u00f3n por el estr\u00e9s\u201d.<\/p>\n<p>&nbsp;<\/p>\n<p>Finaliz\u00f3 se\u00f1alando que \u201cagradezco el apoyo y respaldo de la administraci\u00f3n municipal, puesto que sin duda es algo muy importante para la poblaci\u00f3n, y que no siempre tiene las facilidades para acudir a otros lugares a recibir estas terapias\u201d.<\/p>\n<p>&nbsp;<\/p>\n","protected":false},"excerpt":{"rendered":"<p>Con el respaldo del Gobierno Municipal, a trav\u00e9s del Instituto Municipal de Cultura, se aperturaron los talleres de Gimnasia Cerebral e inteligencia emocional en la Casa de la Cultura Lu\u00eds Cerrillo C\u00e1zares, todos los viernes.<\/p>\n","protected":false},"author":1,"featured_media":2485,"comment_status":"closed","ping_status":"closed","sticky":false,"template":"","format":"standard","meta":{"_monsterinsights_skip_tracking":false,"_monsterinsights_sitenote_active":false,"_monsterinsights_sitenote_note":"","_monsterinsights_sitenote_category":0,"footnotes":""},"categories":[8],"tags":[12,3,18],"class_list":["post-2484","post","type-post","status-publish","format-standard","has-post-thumbnail","hentry","category-gobierno-municipal-rio-grande-zacatecas","tag-comunicacion-social","tag-content-slide","tag-gobierno-municipal-rio-grande"],"jetpack_featured_media_url":"https:\/\/riograndezac.gob.mx\/informatica\/wp-content\/uploads\/2016\/01\/terapias-1.png","_links":{"self":[{"href":"https:\/\/riograndezac.gob.mx\/informatica\/index.php?rest_route=\/wp\/v2\/posts\/2484","targetHints":{"allow":["GET"]}}],"collection":[{"href":"https:\/\/riograndezac.gob.mx\/informatica\/index.php?rest_route=\/wp\/v2\/posts"}],"about":[{"href":"https:\/\/riograndezac.gob.mx\/informatica\/index.php?rest_route=\/wp\/v2\/types\/post"}],"author":[{"embeddable":true,"href":"https:\/\/riograndezac.gob.mx\/informatica\/index.php?rest_route=\/wp\/v2\/users\/1"}],"replies":[{"embeddable":true,"href":"https:\/\/riograndezac.gob.mx\/informatica\/index.php?rest_route=%2Fwp%2Fv2%2Fcomments&post=2484"}],"version-history":[{"count":1,"href":"https:\/\/riograndezac.gob.mx\/informatica\/index.php?rest_route=\/wp\/v2\/posts\/2484\/revisions"}],"predecessor-version":[{"id":2486,"href":"https:\/\/riograndezac.gob.mx\/informatica\/index.php?rest_route=\/wp\/v2\/posts\/2484\/revisions\/2486"}],"wp:featuredmedia":[{"embeddable":true,"href":"https:\/\/riograndezac.gob.mx\/informatica\/index.php?rest_route=\/wp\/v2\/media\/2485"}],"wp:attachment":[{"href":"https:\/\/riograndezac.gob.mx\/informatica\/index.php?rest_route=%2Fwp%2Fv2%2Fmedia&parent=2484"}],"wp:term":[{"taxonomy":"category","embeddable":true,"href":"https:\/\/riograndezac.gob.mx\/informatica\/index.php?rest_route=%2Fwp%2Fv2%2Fcategories&post=2484"},{"taxonomy":"post_tag","embeddable":true,"href":"https:\/\/riograndezac.gob.mx\/informatica\/index.php?rest_route=%2Fwp%2Fv2%2Ftags&post=2484"}],"curies":[{"name":"wp","href":"https:\/\/api.w.org\/{rel}","templated":true}]}}