{"id":2490,"date":"2016-01-27T22:17:03","date_gmt":"2016-01-28T04:17:03","guid":{"rendered":"http:\/\/riograndezac.gob.mx\/informatica\/?p=2490"},"modified":"2016-01-27T22:17:03","modified_gmt":"2016-01-28T04:17:03","slug":"proteccion-civil","status":"publish","type":"post","link":"https:\/\/riograndezac.gob.mx\/informatica\/?p=2490","title":{"rendered":"Protecci\u00f3n civil"},"content":{"rendered":"<p><a href=\"https:\/\/riograndezac.gob.mx\/informatica\/wp-content\/uploads\/2016\/01\/PROTECCION-CIVIL-2.png\" rel=\"attachment wp-att-2491\"><img loading=\"lazy\" decoding=\"async\" class=\"aligncenter size-full wp-image-2491\" src=\"https:\/\/riograndezac.gob.mx\/informatica\/wp-content\/uploads\/2016\/01\/PROTECCION-CIVIL-2.png\" alt=\"PROTECCION CIVIL (2)\" width=\"700\" height=\"426\" srcset=\"https:\/\/riograndezac.gob.mx\/informatica\/wp-content\/uploads\/2016\/01\/PROTECCION-CIVIL-2.png 700w, https:\/\/riograndezac.gob.mx\/informatica\/wp-content\/uploads\/2016\/01\/PROTECCION-CIVIL-2-300x183.png 300w, https:\/\/riograndezac.gob.mx\/informatica\/wp-content\/uploads\/2016\/01\/PROTECCION-CIVIL-2-24x15.png 24w, https:\/\/riograndezac.gob.mx\/informatica\/wp-content\/uploads\/2016\/01\/PROTECCION-CIVIL-2-36x22.png 36w, https:\/\/riograndezac.gob.mx\/informatica\/wp-content\/uploads\/2016\/01\/PROTECCION-CIVIL-2-48x29.png 48w\" sizes=\"auto, (max-width: 700px) 100vw, 700px\" \/><\/a><\/p>\n<p>El Gobierno Municipal de R\u00edo Grande, a trav\u00e9s de la corporaci\u00f3n de Protecci\u00f3n Civil y Bomberos, a cargo de H\u00e9ctor Joaqu\u00edn Calder\u00f3n Aguilar, les inform\u00f3 que \u201cestamos preparados para cualquier contingencias ocasionada por el clima\u201d, refiri\u00e9ndose a la octava tormenta invernal as\u00ed como al frente fr\u00edo n\u00famero 34, que dejar\u00e1n temperaturas de hasta menos 2 grados cent\u00edgrados en esta zona, y sensaci\u00f3n t\u00e9rmica de hasta menos 5.<\/p>\n<p>&nbsp;<\/p>\n<p>\u201cLe pedimos a la ciudadan\u00eda que est\u00e9 en comunicaci\u00f3n permanente con nosotros, a trav\u00e9s de los tel\u00e9fonos 9838190 o bien a trav\u00e9s del Sistema de Emergencias del 066, al 116 de seguridad p\u00fablica, para cualquier emergencia o situaci\u00f3n que se presente\u201d, se\u00f1al\u00f3 el funcionario.<\/p>\n<p>&nbsp;<\/p>\n<p>As\u00ed mismo se\u00f1al\u00f3 que \u201cpedimos tambi\u00e9n a la poblaci\u00f3n que sepa sobre personas en situaci\u00f3n de calle, nos lo hagan saber, para tomar cartas en el asunto, pues el pron\u00f3stico es que por la noche de este mi\u00e9rcoles y el jueves por la ma\u00f1ana bajar\u00e1 en gran medida la temperatura e incluso la probabilidad de agua nieve, por lo que les pedimos que utilicen ropa muy gruesa si salen a la calle, como bufanda, gorra, guantes, abri\u00f3 o chamarra\u201d, detall\u00f3.<\/p>\n<p>&nbsp;<\/p>\n<p>Calder\u00f3n Aguilar, dijo que es muy importante \u201ccubrir las tuber\u00edas de agua, para evitar da\u00f1os y en consecuencia se queden sin el vital l\u00edquido; tambi\u00e9n el encendido de anafres, que tengan mucha precauci\u00f3n con sus estufas, con las instalaciones de gas, que tengan ventilaci\u00f3n, si usan velas, que no las dejen encendidas porque pueden provocar un incendio\u201d.<\/p>\n<p>&nbsp;<\/p>\n<p>\u201cEs preferible que est\u00e9n en sus casas, resguardados, evitando los cambios bruscos de temperatura, necesitamos tomar mucho l\u00edquido para evitar deshidrataci\u00f3n, y tener mucho cuidado con los adultos mayores y con las personas enfermas del coraz\u00f3n pues el clima fr\u00edo acelera el ritmo cardiaco y puede provocar un ataque al coraz\u00f3n\u201d, manifest\u00f3.<\/p>\n<p>&nbsp;<\/p>\n<p>Por otro lado, se\u00f1al\u00f3 que ante las bajas temperaturas que trae la octava tormenta invernal \u201cse habilitaron albergues para brindar protecci\u00f3n a personas y familias en riesgo de vulnerabilidad, por lo que seguir\u00e1n atentos para actuar de inmediato\u201d.<\/p>\n<p>&nbsp;<\/p>\n<p>Finaliz\u00f3, detallando que \u201ctenemos la informaci\u00f3n oficial de que no habr\u00e1 clases en las instituciones de nivel preescolar, primaria, secundaria y bachillerato este jueves ni viernes; el lunes es d\u00eda feriado, por lo que se reanudar\u00edan las clases hasta el martes, de manera de que cuiden a las y los menores, que son un sector vulnerable con referencia al tema del frio\u201d.<\/p>\n","protected":false},"excerpt":{"rendered":"<p>El Gobierno Municipal de R\u00edo Grande, a trav\u00e9s de la corporaci\u00f3n de Protecci\u00f3n Civil y Bomberos, a cargo de H\u00e9ctor Joaqu\u00edn Calder\u00f3n Aguilar, les inform\u00f3 que \u201cestamos preparados para cualquier contingencias ocasionada por el clima\u201d, refiri\u00e9ndose a la octava tormenta invernal as\u00ed como al frente fr\u00edo n\u00famero 34, que dejar\u00e1n temperaturas de hasta menos 2 grados cent\u00edgrados en esta zona, y sensaci\u00f3n t\u00e9rmica de hasta menos 5.<\/p>\n","protected":false},"author":1,"featured_media":2491,"comment_status":"closed","ping_status":"closed","sticky":false,"template":"","format":"standard","meta":{"_monsterinsights_skip_tracking":false,"_monsterinsights_sitenote_active":false,"_monsterinsights_sitenote_note":"","_monsterinsights_sitenote_category":0,"footnotes":""},"categories":[8],"tags":[12,3,18],"class_list":["post-2490","post","type-post","status-publish","format-standard","has-post-thumbnail","hentry","category-gobierno-municipal-rio-grande-zacatecas","tag-comunicacion-social","tag-content-slide","tag-gobierno-municipal-rio-grande"],"jetpack_featured_media_url":"https:\/\/riograndezac.gob.mx\/informatica\/wp-content\/uploads\/2016\/01\/PROTECCION-CIVIL-2.png","_links":{"self":[{"href":"https:\/\/riograndezac.gob.mx\/informatica\/index.php?rest_route=\/wp\/v2\/posts\/2490","targetHints":{"allow":["GET"]}}],"collection":[{"href":"https:\/\/riograndezac.gob.mx\/informatica\/index.php?rest_route=\/wp\/v2\/posts"}],"about":[{"href":"https:\/\/riograndezac.gob.mx\/informatica\/index.php?rest_route=\/wp\/v2\/types\/post"}],"author":[{"embeddable":true,"href":"https:\/\/riograndezac.gob.mx\/informatica\/index.php?rest_route=\/wp\/v2\/users\/1"}],"replies":[{"embeddable":true,"href":"https:\/\/riograndezac.gob.mx\/informatica\/index.php?rest_route=%2Fwp%2Fv2%2Fcomments&post=2490"}],"version-history":[{"count":1,"href":"https:\/\/riograndezac.gob.mx\/informatica\/index.php?rest_route=\/wp\/v2\/posts\/2490\/revisions"}],"predecessor-version":[{"id":2492,"href":"https:\/\/riograndezac.gob.mx\/informatica\/index.php?rest_route=\/wp\/v2\/posts\/2490\/revisions\/2492"}],"wp:featuredmedia":[{"embeddable":true,"href":"https:\/\/riograndezac.gob.mx\/informatica\/index.php?rest_route=\/wp\/v2\/media\/2491"}],"wp:attachment":[{"href":"https:\/\/riograndezac.gob.mx\/informatica\/index.php?rest_route=%2Fwp%2Fv2%2Fmedia&parent=2490"}],"wp:term":[{"taxonomy":"category","embeddable":true,"href":"https:\/\/riograndezac.gob.mx\/informatica\/index.php?rest_route=%2Fwp%2Fv2%2Fcategories&post=2490"},{"taxonomy":"post_tag","embeddable":true,"href":"https:\/\/riograndezac.gob.mx\/informatica\/index.php?rest_route=%2Fwp%2Fv2%2Ftags&post=2490"}],"curies":[{"name":"wp","href":"https:\/\/api.w.org\/{rel}","templated":true}]}}