{"id":2504,"date":"2016-01-28T23:55:37","date_gmt":"2016-01-29T05:55:37","guid":{"rendered":"http:\/\/riograndezac.gob.mx\/informatica\/?p=2504"},"modified":"2016-01-28T23:55:37","modified_gmt":"2016-01-29T05:55:37","slug":"cartel-taurino","status":"publish","type":"post","link":"https:\/\/riograndezac.gob.mx\/informatica\/?p=2504","title":{"rendered":"Cartel Taurino"},"content":{"rendered":"<p><a href=\"https:\/\/riograndezac.gob.mx\/informatica\/wp-content\/uploads\/2016\/01\/toros-2.png\" rel=\"attachment wp-att-2505\"><img loading=\"lazy\" decoding=\"async\" class=\"aligncenter size-full wp-image-2505\" src=\"https:\/\/riograndezac.gob.mx\/informatica\/wp-content\/uploads\/2016\/01\/toros-2.png\" alt=\"toros (2)\" width=\"700\" height=\"466\" srcset=\"https:\/\/riograndezac.gob.mx\/informatica\/wp-content\/uploads\/2016\/01\/toros-2.png 700w, https:\/\/riograndezac.gob.mx\/informatica\/wp-content\/uploads\/2016\/01\/toros-2-300x200.png 300w, https:\/\/riograndezac.gob.mx\/informatica\/wp-content\/uploads\/2016\/01\/toros-2-24x16.png 24w, https:\/\/riograndezac.gob.mx\/informatica\/wp-content\/uploads\/2016\/01\/toros-2-36x24.png 36w, https:\/\/riograndezac.gob.mx\/informatica\/wp-content\/uploads\/2016\/01\/toros-2-48x32.png 48w\" sizes=\"auto, (max-width: 700px) 100vw, 700px\" \/><\/a><\/p>\n<p>Con la intenci\u00f3n de invitar a las y los riograndenses a las actividades del Carnaval 2016, en su edici\u00f3n n\u00famero 52, se dio a conocer el Cartel Taurino en donde se lidiar\u00e1n toros de la ganader\u00eda de Jos\u00e9 Juli\u00e1n Llaguno, para el pr\u00f3ximo 14 de febrero.<\/p>\n<p>&nbsp;<\/p>\n<p>Con la presencia de la Corte Real de este Carnaval 2016, integrada por Su Graciosa Majestad Kareli I, Su Alteza Real Rosy y la princesa Consuelo, as\u00ed como de Mayra Reina del Carnaval 2015, la empresa &#8220;Viva el Toro&#8221; a cargo de Alejandro Tam\u00e9s, Jes\u00fas Esparza y el matador de toros zacatecano C\u00e9sar Montes, realizaron la presentaci\u00f3n<\/p>\n<p>&nbsp;<\/p>\n<p>\u201cSe tiene pensado que el escenario sea la Emblem\u00e1tica plaza de toros &#8220;Donato Noyola&#8221; el pr\u00f3ximo 14 de febrero, en donde los aficionados a la maquia taurina, tendr\u00e1n la oportunidad de ver en acci\u00f3n al rejoneador mexicano Rodrigo Santos, acompa\u00f1ado de los Forcados de Quer\u00e9taro, en tanto que los toreros de a pie ser\u00e1n Uriel Moreno &#8220;El Zapata&#8221; y el matador zacatecano C\u00e9sar Montes, en punto de las 4 de la tarde\u201d, dijo el empresario Alejandro Tam\u00e9s,<\/p>\n<p>&nbsp;<\/p>\n<p>As\u00ed mismo, se\u00f1al\u00f3 que \u201cya visitamos el pasado lunes al director de Protecci\u00f3n Civil de Gobierno del Estado, y en caso de que se dictamine que no est\u00e1 en uso, traer\u00edamos una plaza port\u00e1til\u201d.<\/p>\n<p>&nbsp;<\/p>\n<p><strong>Situaci\u00f3n de la Plaza de Toros \u201cDonato Noyola\u201d<\/strong><\/p>\n<p>Por parte del Secretario de Gobierno Municipal, Felipe de Jes\u00fas Badillo Ram\u00edrez, dio a conocer que \u201capenas este viernes vendr\u00e1n de protecci\u00f3n civil y bomberos del Gobierno del Estado, bajo la direcci\u00f3n del Capit\u00e1n Felipe Mu\u00f1oz Ruvalcaba , por lo que es muy adelantado el dar una declaraci\u00f3n sobre si estaba en buenas o malas condiciones\u201d.<\/p>\n<p>&nbsp;<\/p>\n<p>\u201cEl documento en el que supuestamente se bas\u00f3 el titular de Protecci\u00f3n Civil y Bomberos de R\u00edo Grande, es del 2015, y ni si quiera habla de clausura, sino de rehabilitaci\u00f3n, lo cual el a\u00f1o pasado fue acatado tanto por el Patronato, como por el mismo gobierno municipal\u201d, refiri\u00f3.<\/p>\n<p>&nbsp;<\/p>\n<p>\u201cEste viernes, estar\u00e1 en R\u00edo Grande, el estructurista determinado por el Capit\u00e1n Ruvalcaba, por lo que acataremos las indicaciones que nos d\u00e9 al finalizar su revisi\u00f3n; de esta manera, invito a la poblaci\u00f3n, para que haga caso omiso de las falsas alarmas que se pueden dar, puesto que nosotros ser\u00edamos los primeros en evitar que se utilizara en caso de que as\u00ed se determinara, porque no vamos a exponer a nuestra gente en medio de esta gran fiesta\u201d, finaliz\u00f3.<\/p>\n","protected":false},"excerpt":{"rendered":"<p>Con la intenci\u00f3n de invitar a las y los riograndenses a las actividades del Carnaval 2016, en su edici\u00f3n n\u00famero 52, se dio a conocer el Cartel Taurino en donde se lidiar\u00e1n toros de la ganader\u00eda de Jos\u00e9 Juli\u00e1n Llaguno, para el pr\u00f3ximo 14 de febrero.<\/p>\n","protected":false},"author":1,"featured_media":2505,"comment_status":"closed","ping_status":"closed","sticky":false,"template":"","format":"standard","meta":{"_monsterinsights_skip_tracking":false,"_monsterinsights_sitenote_active":false,"_monsterinsights_sitenote_note":"","_monsterinsights_sitenote_category":0,"footnotes":""},"categories":[4],"tags":[3,18],"class_list":["post-2504","post","type-post","status-publish","format-standard","has-post-thumbnail","hentry","category-boletines","tag-content-slide","tag-gobierno-municipal-rio-grande"],"jetpack_featured_media_url":"https:\/\/riograndezac.gob.mx\/informatica\/wp-content\/uploads\/2016\/01\/toros-2.png","_links":{"self":[{"href":"https:\/\/riograndezac.gob.mx\/informatica\/index.php?rest_route=\/wp\/v2\/posts\/2504","targetHints":{"allow":["GET"]}}],"collection":[{"href":"https:\/\/riograndezac.gob.mx\/informatica\/index.php?rest_route=\/wp\/v2\/posts"}],"about":[{"href":"https:\/\/riograndezac.gob.mx\/informatica\/index.php?rest_route=\/wp\/v2\/types\/post"}],"author":[{"embeddable":true,"href":"https:\/\/riograndezac.gob.mx\/informatica\/index.php?rest_route=\/wp\/v2\/users\/1"}],"replies":[{"embeddable":true,"href":"https:\/\/riograndezac.gob.mx\/informatica\/index.php?rest_route=%2Fwp%2Fv2%2Fcomments&post=2504"}],"version-history":[{"count":1,"href":"https:\/\/riograndezac.gob.mx\/informatica\/index.php?rest_route=\/wp\/v2\/posts\/2504\/revisions"}],"predecessor-version":[{"id":2506,"href":"https:\/\/riograndezac.gob.mx\/informatica\/index.php?rest_route=\/wp\/v2\/posts\/2504\/revisions\/2506"}],"wp:featuredmedia":[{"embeddable":true,"href":"https:\/\/riograndezac.gob.mx\/informatica\/index.php?rest_route=\/wp\/v2\/media\/2505"}],"wp:attachment":[{"href":"https:\/\/riograndezac.gob.mx\/informatica\/index.php?rest_route=%2Fwp%2Fv2%2Fmedia&parent=2504"}],"wp:term":[{"taxonomy":"category","embeddable":true,"href":"https:\/\/riograndezac.gob.mx\/informatica\/index.php?rest_route=%2Fwp%2Fv2%2Fcategories&post=2504"},{"taxonomy":"post_tag","embeddable":true,"href":"https:\/\/riograndezac.gob.mx\/informatica\/index.php?rest_route=%2Fwp%2Fv2%2Ftags&post=2504"}],"curies":[{"name":"wp","href":"https:\/\/api.w.org\/{rel}","templated":true}]}}