{"id":2562,"date":"2016-02-03T09:50:11","date_gmt":"2016-02-03T15:50:11","guid":{"rendered":"http:\/\/riograndezac.gob.mx\/informatica\/?p=2562"},"modified":"2016-02-03T09:50:11","modified_gmt":"2016-02-03T15:50:11","slug":"conferencia-uaf","status":"publish","type":"post","link":"https:\/\/riograndezac.gob.mx\/informatica\/?p=2562","title":{"rendered":"Conferencia UAF"},"content":{"rendered":"<p><a href=\"https:\/\/riograndezac.gob.mx\/informatica\/wp-content\/uploads\/2016\/02\/maestria.jpg\" rel=\"attachment wp-att-2563\"><img loading=\"lazy\" decoding=\"async\" class=\"aligncenter size-full wp-image-2563\" src=\"https:\/\/riograndezac.gob.mx\/informatica\/wp-content\/uploads\/2016\/02\/maestria.jpg\" alt=\"maestria\" width=\"700\" height=\"393\" srcset=\"https:\/\/riograndezac.gob.mx\/informatica\/wp-content\/uploads\/2016\/02\/maestria.jpg 700w, https:\/\/riograndezac.gob.mx\/informatica\/wp-content\/uploads\/2016\/02\/maestria-300x168.jpg 300w, https:\/\/riograndezac.gob.mx\/informatica\/wp-content\/uploads\/2016\/02\/maestria-320x180.jpg 320w, https:\/\/riograndezac.gob.mx\/informatica\/wp-content\/uploads\/2016\/02\/maestria-24x13.jpg 24w, https:\/\/riograndezac.gob.mx\/informatica\/wp-content\/uploads\/2016\/02\/maestria-36x20.jpg 36w, https:\/\/riograndezac.gob.mx\/informatica\/wp-content\/uploads\/2016\/02\/maestria-48x27.jpg 48w\" sizes=\"auto, (max-width: 700px) 100vw, 700px\" \/><\/a><\/p>\n<p>Alberto S\u00e1nchez Z\u00fa\u00f1iga, titular del Centro SUMAR, inform\u00f3 que despu\u00e9s de que el Gobierno Municipal de R\u00edo Grande celebrara un convenio con la Universidad Aut\u00f3noma de Fresnillo, se concluir\u00e1 con el primer semestre de la maestr\u00eda en Educaci\u00f3n, con la presentaci\u00f3n de una conferencia Magistral denominada \u201cLas Redes Sociales y su implicaci\u00f3n con la Explotaci\u00f3n Moderna\u201d.<\/p>\n<p>&nbsp;<\/p>\n<p>S\u00e1nchez Z\u00fa\u00f1iga, coordinador del Centro Sumar, inform\u00f3 que de manera coordinada se llevar\u00e1 a cabo el pr\u00f3ximo s\u00e1bado 6 de febrero, en punto de las 11 de la ma\u00f1ana, en el Sal\u00f3n de Eventos Fer, la conferencia \u201cLas Redes Sociales y su implicaci\u00f3n con la Explotaci\u00f3n Moderna&#8221;, a cargo del Maestro Juan Manuel Meixueiro Alarc\u00f3n, Subdirector del Programa contra la Trata de Personas, de la Comisi\u00f3n Nacional de los Derechos Humanos.<\/p>\n<p>&nbsp;<\/p>\n<p>As\u00ed mismo, el funcionario, dijo que este evento educativo ser\u00e1 presentado en el \u00e1mbito cultural en el marco del Carnaval de R\u00edo Grande, con el respaldo de la Comisi\u00f3n Estatal de Derechos Humanos y de la Comisi\u00f3n Nacional de Derechos Humanos, por lo que es un evento de gran relevancia.<\/p>\n<p>&nbsp;<\/p>\n<p>A\u00f1adi\u00f3 que se espera la participaci\u00f3n de la ciudadan\u00eda riograndense, pues el tema envuelve a todos los sectores, adem\u00e1s de la talla del conferencista es internacional.<\/p>\n<p>&nbsp;<\/p>\n<p>Enfatiz\u00f3 que en este evento, estar\u00e1 la Rectora de la Universidad Aut\u00f3noma de Fresnillo (UAF), Geovanna Xyklady Cabrera Gir\u00f3n, quien ha respaldado esta conferencia, as\u00ed como los trabajos propios de la Maestr\u00eda; de igual manera, estar\u00e1n los docentes de la Maestr\u00eda, J. Cruz Escalante, Jaime Dom\u00ednguez, Leticia Cortez, Lu\u00eds Gallardo y Javier Moreno.<\/p>\n<p>&nbsp;<\/p>\n<p>S\u00e1nchez Z\u00fa\u00f1iga, se\u00f1al\u00f3 que los 20 alumnos integrantes del grupo de la maestr\u00eda, se encuentran organizando la log\u00edstica de este evento, que pretende dejar un mensaje de concientizaci\u00f3n e informaci\u00f3n entre la ciudadan\u00eda de R\u00edo Grande sobre el tema de trata de personas, conocida como tambi\u00e9n como el comercio de personas o tr\u00e1fico de personas con prop\u00f3sitos de esclavitud reproductiva, explotaci\u00f3n sexual, trabajos forzados, extracci\u00f3n de \u00f3rganos, o cualquier forma moderna de esclavitud, aunado al tema del uso de las redes sociales.<\/p>\n","protected":false},"excerpt":{"rendered":"<p>Alberto S\u00e1nchez Z\u00fa\u00f1iga, titular del Centro SUMAR, inform\u00f3 que despu\u00e9s de que el Gobierno Municipal de R\u00edo Grande celebrara un convenio con la Universidad Aut\u00f3noma de Fresnillo, se concluir\u00e1 con el primer semestre de la maestr\u00eda en Educaci\u00f3n<\/p>\n","protected":false},"author":1,"featured_media":2563,"comment_status":"closed","ping_status":"closed","sticky":false,"template":"","format":"standard","meta":{"_monsterinsights_skip_tracking":false,"_monsterinsights_sitenote_active":false,"_monsterinsights_sitenote_note":"","_monsterinsights_sitenote_category":0,"footnotes":""},"categories":[5],"tags":[12,18],"class_list":["post-2562","post","type-post","status-publish","format-standard","has-post-thumbnail","hentry","category-destacados","tag-comunicacion-social","tag-gobierno-municipal-rio-grande"],"jetpack_featured_media_url":"https:\/\/riograndezac.gob.mx\/informatica\/wp-content\/uploads\/2016\/02\/maestria.jpg","_links":{"self":[{"href":"https:\/\/riograndezac.gob.mx\/informatica\/index.php?rest_route=\/wp\/v2\/posts\/2562","targetHints":{"allow":["GET"]}}],"collection":[{"href":"https:\/\/riograndezac.gob.mx\/informatica\/index.php?rest_route=\/wp\/v2\/posts"}],"about":[{"href":"https:\/\/riograndezac.gob.mx\/informatica\/index.php?rest_route=\/wp\/v2\/types\/post"}],"author":[{"embeddable":true,"href":"https:\/\/riograndezac.gob.mx\/informatica\/index.php?rest_route=\/wp\/v2\/users\/1"}],"replies":[{"embeddable":true,"href":"https:\/\/riograndezac.gob.mx\/informatica\/index.php?rest_route=%2Fwp%2Fv2%2Fcomments&post=2562"}],"version-history":[{"count":1,"href":"https:\/\/riograndezac.gob.mx\/informatica\/index.php?rest_route=\/wp\/v2\/posts\/2562\/revisions"}],"predecessor-version":[{"id":2564,"href":"https:\/\/riograndezac.gob.mx\/informatica\/index.php?rest_route=\/wp\/v2\/posts\/2562\/revisions\/2564"}],"wp:featuredmedia":[{"embeddable":true,"href":"https:\/\/riograndezac.gob.mx\/informatica\/index.php?rest_route=\/wp\/v2\/media\/2563"}],"wp:attachment":[{"href":"https:\/\/riograndezac.gob.mx\/informatica\/index.php?rest_route=%2Fwp%2Fv2%2Fmedia&parent=2562"}],"wp:term":[{"taxonomy":"category","embeddable":true,"href":"https:\/\/riograndezac.gob.mx\/informatica\/index.php?rest_route=%2Fwp%2Fv2%2Fcategories&post=2562"},{"taxonomy":"post_tag","embeddable":true,"href":"https:\/\/riograndezac.gob.mx\/informatica\/index.php?rest_route=%2Fwp%2Fv2%2Ftags&post=2562"}],"curies":[{"name":"wp","href":"https:\/\/api.w.org\/{rel}","templated":true}]}}