{"id":2591,"date":"2016-02-04T10:27:26","date_gmt":"2016-02-04T16:27:26","guid":{"rendered":"http:\/\/riograndezac.gob.mx\/informatica\/?p=2591"},"modified":"2016-02-04T10:27:26","modified_gmt":"2016-02-04T16:27:26","slug":"pro-cultura","status":"publish","type":"post","link":"https:\/\/riograndezac.gob.mx\/informatica\/?p=2591","title":{"rendered":"Pro cultura"},"content":{"rendered":"<p>&nbsp;<\/p>\n<p><a href=\"https:\/\/riograndezac.gob.mx\/informatica\/wp-content\/uploads\/2016\/02\/PROCULTURA-1.png\" rel=\"attachment wp-att-2592\"><img loading=\"lazy\" decoding=\"async\" class=\"aligncenter size-full wp-image-2592\" src=\"https:\/\/riograndezac.gob.mx\/informatica\/wp-content\/uploads\/2016\/02\/PROCULTURA-1.png\" alt=\"PROCULTURA (1)\" width=\"700\" height=\"484\" srcset=\"https:\/\/riograndezac.gob.mx\/informatica\/wp-content\/uploads\/2016\/02\/PROCULTURA-1.png 700w, https:\/\/riograndezac.gob.mx\/informatica\/wp-content\/uploads\/2016\/02\/PROCULTURA-1-300x207.png 300w, https:\/\/riograndezac.gob.mx\/informatica\/wp-content\/uploads\/2016\/02\/PROCULTURA-1-24x17.png 24w, https:\/\/riograndezac.gob.mx\/informatica\/wp-content\/uploads\/2016\/02\/PROCULTURA-1-36x25.png 36w, https:\/\/riograndezac.gob.mx\/informatica\/wp-content\/uploads\/2016\/02\/PROCULTURA-1-48x33.png 48w\" sizes=\"auto, (max-width: 700px) 100vw, 700px\" \/><\/a><\/p>\n<p>De nueva cuenta el grupo Pro cultura, como cada \u00faltimo viernes de mes, llev\u00f3 a cabo la velada literaria musical; esta ocasi\u00f3n para hacer un reconocimiento a Rosa Marina Luj\u00e1n Gonz\u00e1lez, como muestra de admiraci\u00f3n a su entereza, entusiasmo y gran calidad humana.<\/p>\n<p>&nbsp;<\/p>\n<p>A pesar de ser una persona que en 1985, por cuestiones de salud perdi\u00f3 la vista, se ha caracterizado por ser una riograndense que participa en distintos grupos de asistencia social; Rosa Marina, durante sus primeros a\u00f1os de vida, fue fot\u00f3grafa profesional.<\/p>\n<p>&nbsp;<\/p>\n<p>En este sentido, el Grupo Procultura, integrado por Conchita Esquivel, Irma Castillo, Gris Ruiz, Francisco Javier G\u00f3mez, Mart\u00edn Ruiz, Ferm\u00edn de la Rosa, Mar\u00eda de Jes\u00fas Longoria, Hip\u00f3lito Fern\u00e1ndez, y Mar\u00eda Luisa Somoza, entre otros, realizaron este emotivo evento, en donde particip\u00f3 la declamadora Linda S\u00e1nchez Romo, la presentaci\u00f3n musical de Melany Salgado Esquivel.<\/p>\n<p>&nbsp;<\/p>\n<p>As\u00ed mismo, la declamadora, Casandra Pi\u00f1\u00f3n Garc\u00eda, el cantante Ferm\u00edn de la Rosa,\u00a0 el declamador Francisco Mireles Estrada, la participaci\u00f3n musical de Jos\u00e9 Guadalupe Salda\u00f1a conocido \u201cPepe Rock\u201d, el declamador Freddy Samaniego G\u00f3mez; de igual manera, la participaci\u00f3n de Gely Medrano, y la participaci\u00f3n musical del dueto la Broma de Francisco Cabello y Mario Alberto Morales.<\/p>\n<p>&nbsp;<\/p>\n<p>Durante el evento, acudi\u00f3 Jos\u00e9 Merced Zapata Zavala, director del Instituto Municipal de Cultura, quien reconoci\u00f3 el trabajo de Pro cultura, durante estos 9 a\u00f1os de trabajo a favor del rescate de los valores culturales dentro de la sociedad y de la familia.<\/p>\n<p>&nbsp;<\/p>\n<p>As\u00ed mismo, por parte de esta instituci\u00f3n, Conchis Esquivel, agradeci\u00f3 el respaldo del Ayuntamiento al compartir y difundir de manera paralela el inter\u00e9s por rescatar los valores familiares as\u00ed como apoyar a los talentos art\u00edsticos y culturales con los que cuenta nuestro municipio, pues el rescate de estos valores es tarea de todos.<\/p>\n<p>&nbsp;<\/p>\n","protected":false},"excerpt":{"rendered":"<p>De nueva cuenta el grupo Pro cultura, como cada \u00faltimo viernes de mes, llev\u00f3 a cabo la velada literaria musical; esta ocasi\u00f3n para hacer un reconocimiento a Rosa Marina Luj\u00e1n Gonz\u00e1lez, como muestra de admiraci\u00f3n a su entereza, entusiasmo y gran calidad humana.<\/p>\n","protected":false},"author":1,"featured_media":2592,"comment_status":"closed","ping_status":"closed","sticky":false,"template":"","format":"standard","meta":{"_monsterinsights_skip_tracking":false,"_monsterinsights_sitenote_active":false,"_monsterinsights_sitenote_note":"","_monsterinsights_sitenote_category":0,"footnotes":""},"categories":[49],"tags":[12,18],"class_list":["post-2591","post","type-post","status-publish","format-standard","has-post-thumbnail","hentry","category-cultura","tag-comunicacion-social","tag-gobierno-municipal-rio-grande"],"jetpack_featured_media_url":"https:\/\/riograndezac.gob.mx\/informatica\/wp-content\/uploads\/2016\/02\/PROCULTURA-1.png","_links":{"self":[{"href":"https:\/\/riograndezac.gob.mx\/informatica\/index.php?rest_route=\/wp\/v2\/posts\/2591","targetHints":{"allow":["GET"]}}],"collection":[{"href":"https:\/\/riograndezac.gob.mx\/informatica\/index.php?rest_route=\/wp\/v2\/posts"}],"about":[{"href":"https:\/\/riograndezac.gob.mx\/informatica\/index.php?rest_route=\/wp\/v2\/types\/post"}],"author":[{"embeddable":true,"href":"https:\/\/riograndezac.gob.mx\/informatica\/index.php?rest_route=\/wp\/v2\/users\/1"}],"replies":[{"embeddable":true,"href":"https:\/\/riograndezac.gob.mx\/informatica\/index.php?rest_route=%2Fwp%2Fv2%2Fcomments&post=2591"}],"version-history":[{"count":1,"href":"https:\/\/riograndezac.gob.mx\/informatica\/index.php?rest_route=\/wp\/v2\/posts\/2591\/revisions"}],"predecessor-version":[{"id":2593,"href":"https:\/\/riograndezac.gob.mx\/informatica\/index.php?rest_route=\/wp\/v2\/posts\/2591\/revisions\/2593"}],"wp:featuredmedia":[{"embeddable":true,"href":"https:\/\/riograndezac.gob.mx\/informatica\/index.php?rest_route=\/wp\/v2\/media\/2592"}],"wp:attachment":[{"href":"https:\/\/riograndezac.gob.mx\/informatica\/index.php?rest_route=%2Fwp%2Fv2%2Fmedia&parent=2591"}],"wp:term":[{"taxonomy":"category","embeddable":true,"href":"https:\/\/riograndezac.gob.mx\/informatica\/index.php?rest_route=%2Fwp%2Fv2%2Fcategories&post=2591"},{"taxonomy":"post_tag","embeddable":true,"href":"https:\/\/riograndezac.gob.mx\/informatica\/index.php?rest_route=%2Fwp%2Fv2%2Ftags&post=2591"}],"curies":[{"name":"wp","href":"https:\/\/api.w.org\/{rel}","templated":true}]}}