{"id":2594,"date":"2016-02-04T10:30:18","date_gmt":"2016-02-04T16:30:18","guid":{"rendered":"http:\/\/riograndezac.gob.mx\/informatica\/?p=2594"},"modified":"2016-02-04T10:30:18","modified_gmt":"2016-02-04T16:30:18","slug":"cursos-cdc-3","status":"publish","type":"post","link":"https:\/\/riograndezac.gob.mx\/informatica\/?p=2594","title":{"rendered":"Cursos CDC"},"content":{"rendered":"<p><a href=\"https:\/\/riograndezac.gob.mx\/informatica\/wp-content\/uploads\/2016\/02\/cdc-3.jpg\" rel=\"attachment wp-att-2595\"><img loading=\"lazy\" decoding=\"async\" class=\"aligncenter size-full wp-image-2595\" src=\"https:\/\/riograndezac.gob.mx\/informatica\/wp-content\/uploads\/2016\/02\/cdc-3.jpg\" alt=\"cdc (3)\" width=\"700\" height=\"355\" srcset=\"https:\/\/riograndezac.gob.mx\/informatica\/wp-content\/uploads\/2016\/02\/cdc-3.jpg 700w, https:\/\/riograndezac.gob.mx\/informatica\/wp-content\/uploads\/2016\/02\/cdc-3-300x152.jpg 300w, https:\/\/riograndezac.gob.mx\/informatica\/wp-content\/uploads\/2016\/02\/cdc-3-24x12.jpg 24w, https:\/\/riograndezac.gob.mx\/informatica\/wp-content\/uploads\/2016\/02\/cdc-3-36x18.jpg 36w, https:\/\/riograndezac.gob.mx\/informatica\/wp-content\/uploads\/2016\/02\/cdc-3-48x24.jpg 48w\" sizes=\"auto, (max-width: 700px) 100vw, 700px\" \/><\/a><\/p>\n<p>\u201cInformar que por parte de los Centros de Desarrollo Comunitario contin\u00faan las 10 acciones m\u00e1s que se pausaron durante el periodo vacacional, estas acciones son aun correspondientes al ejercicio 2015\u201d, inform\u00f3 No\u00e9 Guti\u00e9rrez S\u00e1nchez.<\/p>\n<p>&nbsp;<\/p>\n<p>\u201cEn el pasado mes de diciembre que se clausuraron 43 acciones de las cuales 10 se extendieron en tiempo debido al programa de actividades que presentan, pues requieren de m\u00e1s tiempo para su terminaci\u00f3n, es por ello que estos cursos y talleres hoy se encuentran al 50 % del tiempo presupuestado\u201d, se\u00f1al\u00f3 el funcionario.<\/p>\n<p>&nbsp;<\/p>\n<p>Dijo que \u201ca partir de las 4 de la tarde estos talleres que gracias al respaldo de la administraci\u00f3n municipal han tenido muy buena aceptaci\u00f3n por parte de la sociedad, tal es el caso que en una evaluaci\u00f3n realizada con el resto de los CDC de la regi\u00f3n nos coloca como el mejor Centro de Desarrollo Comunitario en operatividad y en productividad\u201d.<\/p>\n<p>&nbsp;<\/p>\n<p>\u201cReconocer que los asistentes a los cursos, en su mayor\u00eda, son personas emprendedoras que se proponen capacitarse y certificarse para poder generar sus fuentes de ingreso y hasta fuentes de empleo, por mencionar alguno el taller de carpinter\u00eda ha dado frutos pues los beneficiarios ya han iniciado su propio taller\u201d, refiri\u00f3.<\/p>\n<p>&nbsp;<\/p>\n<p>As\u00ed mismo, refiri\u00f3 que \u201cactualmente contamos con 2 talleres de sastrer\u00eda b\u00e1sica, 2 m\u00e1s de belleza integral y decoraci\u00f3n de u\u00f1as, 2 talleres de panader\u00eda y reposter\u00eda, 1 taller de tallado y labrado en madera, 1 en cocina saludable, y el taller de derechos ciudadanos tenemos un taller de b\u00e1squet bol y de equidad de g\u00e9nero uno m\u00e1s impartido en la escuela Justo sierra, con una afluencia total de m\u00e1s de 200 beneficiarios que en las pr\u00f3ximas semanas habr\u00e1n de concluir con este ejercicio del 2015\u201d.<\/p>\n<p>&nbsp;<\/p>\n<p>\u201cExtender pues la invitaci\u00f3n para la poblaci\u00f3n en general a que acudan de lunes a viernes de 4 a 6 de la tarde, adem\u00e1s informar que ya iniciamos con la revisi\u00f3n de las reglas de operaci\u00f3n con las que contara el ejercicio 2016 para los cursos y talleres que se habr\u00e1n de impartir en esta \u00faltima recta de la administraci\u00f3n\u201d, finaliz\u00f3.<\/p>\n","protected":false},"excerpt":{"rendered":"<p>\u201cInformar que por parte de los Centros de Desarrollo Comunitario contin\u00faan las 10 acciones m\u00e1s que se pausaron durante el periodo vacacional, estas acciones son aun correspondientes al ejercicio 2015\u201d, inform\u00f3 No\u00e9 Guti\u00e9rrez S\u00e1nchez.<\/p>\n","protected":false},"author":1,"featured_media":2595,"comment_status":"closed","ping_status":"closed","sticky":false,"template":"","format":"standard","meta":{"_monsterinsights_skip_tracking":false,"_monsterinsights_sitenote_active":false,"_monsterinsights_sitenote_note":"","_monsterinsights_sitenote_category":0,"footnotes":""},"categories":[8],"tags":[12,3,18],"class_list":["post-2594","post","type-post","status-publish","format-standard","has-post-thumbnail","hentry","category-gobierno-municipal-rio-grande-zacatecas","tag-comunicacion-social","tag-content-slide","tag-gobierno-municipal-rio-grande"],"jetpack_featured_media_url":"https:\/\/riograndezac.gob.mx\/informatica\/wp-content\/uploads\/2016\/02\/cdc-3.jpg","_links":{"self":[{"href":"https:\/\/riograndezac.gob.mx\/informatica\/index.php?rest_route=\/wp\/v2\/posts\/2594","targetHints":{"allow":["GET"]}}],"collection":[{"href":"https:\/\/riograndezac.gob.mx\/informatica\/index.php?rest_route=\/wp\/v2\/posts"}],"about":[{"href":"https:\/\/riograndezac.gob.mx\/informatica\/index.php?rest_route=\/wp\/v2\/types\/post"}],"author":[{"embeddable":true,"href":"https:\/\/riograndezac.gob.mx\/informatica\/index.php?rest_route=\/wp\/v2\/users\/1"}],"replies":[{"embeddable":true,"href":"https:\/\/riograndezac.gob.mx\/informatica\/index.php?rest_route=%2Fwp%2Fv2%2Fcomments&post=2594"}],"version-history":[{"count":1,"href":"https:\/\/riograndezac.gob.mx\/informatica\/index.php?rest_route=\/wp\/v2\/posts\/2594\/revisions"}],"predecessor-version":[{"id":2596,"href":"https:\/\/riograndezac.gob.mx\/informatica\/index.php?rest_route=\/wp\/v2\/posts\/2594\/revisions\/2596"}],"wp:featuredmedia":[{"embeddable":true,"href":"https:\/\/riograndezac.gob.mx\/informatica\/index.php?rest_route=\/wp\/v2\/media\/2595"}],"wp:attachment":[{"href":"https:\/\/riograndezac.gob.mx\/informatica\/index.php?rest_route=%2Fwp%2Fv2%2Fmedia&parent=2594"}],"wp:term":[{"taxonomy":"category","embeddable":true,"href":"https:\/\/riograndezac.gob.mx\/informatica\/index.php?rest_route=%2Fwp%2Fv2%2Fcategories&post=2594"},{"taxonomy":"post_tag","embeddable":true,"href":"https:\/\/riograndezac.gob.mx\/informatica\/index.php?rest_route=%2Fwp%2Fv2%2Ftags&post=2594"}],"curies":[{"name":"wp","href":"https:\/\/api.w.org\/{rel}","templated":true}]}}