{"id":2600,"date":"2016-02-04T16:54:12","date_gmt":"2016-02-04T22:54:12","guid":{"rendered":"http:\/\/riograndezac.gob.mx\/informatica\/?p=2600"},"modified":"2016-02-05T16:26:24","modified_gmt":"2016-02-05T22:26:24","slug":"preparativos-de-semana-santa","status":"publish","type":"post","link":"https:\/\/riograndezac.gob.mx\/informatica\/?p=2600","title":{"rendered":"Preparativos de Semana Santa"},"content":{"rendered":"<p><a href=\"https:\/\/riograndezac.gob.mx\/informatica\/wp-content\/uploads\/2016\/02\/semana-santa-1.png\" rel=\"attachment wp-att-2612\"><img loading=\"lazy\" decoding=\"async\" class=\"aligncenter size-full wp-image-2612\" src=\"https:\/\/riograndezac.gob.mx\/informatica\/wp-content\/uploads\/2016\/02\/semana-santa-1.png\" alt=\"semana santa (1)\" width=\"700\" height=\"412\" srcset=\"https:\/\/riograndezac.gob.mx\/informatica\/wp-content\/uploads\/2016\/02\/semana-santa-1.png 700w, https:\/\/riograndezac.gob.mx\/informatica\/wp-content\/uploads\/2016\/02\/semana-santa-1-300x177.png 300w, https:\/\/riograndezac.gob.mx\/informatica\/wp-content\/uploads\/2016\/02\/semana-santa-1-24x14.png 24w, https:\/\/riograndezac.gob.mx\/informatica\/wp-content\/uploads\/2016\/02\/semana-santa-1-36x21.png 36w, https:\/\/riograndezac.gob.mx\/informatica\/wp-content\/uploads\/2016\/02\/semana-santa-1-48x28.png 48w\" sizes=\"auto, (max-width: 700px) 100vw, 700px\" \/><\/a><\/p>\n<p>Se prepara de manera coordinada el Operativo de Seguridad de Semana Santa 2016 con la intenci\u00f3n de salvaguardar a la poblaci\u00f3n riograndense.<\/p>\n<p>&nbsp;<\/p>\n<p>Por parte del Gobierno Municipal, la direcci\u00f3n de Seguridad P\u00fablica y la Unidad de Protecci\u00f3n Civil y Bomberos, prepararan el operativo, puesto que el periodo vacacional, comienza desde el viernes 18 de marzo, y significa una fuerte movilizaci\u00f3n puesto que muchas familias viajan a otros lugares, muchos paisanos llegan a R\u00edo Grande, y cientos de riograndenses acuden a actividades religiosas.<\/p>\n<p>&nbsp;<\/p>\n<p>En este sentido, se inform\u00f3 que \u201clo fuerte comienza el Domingo de Ramos, que es 20 de marzo y es cuando comienzan la mayor parte de las actividades que se llevan a cabo en R\u00edo Grande, tanto en cabecera municipal como en comunidades\u201d.<\/p>\n<p>&nbsp;<\/p>\n<p>Se detall\u00f3 que aunque son eventos religiosos, al ser multitudinarios se deben de estar pendientes por cualquier contingencia; de igual manera, se comienzan a revisar los balnearios, que cumplan con las medidas de seguridad pertinente para evitar accidentes.<\/p>\n<p>&nbsp;<\/p>\n<p>Se mantendr\u00e1 una comunicaci\u00f3n constante con las autoridades de caminos y tr\u00e1nsito para el tema de carreteras, el programa Operativo Paisano, entre otros.<\/p>\n<p>&nbsp;<\/p>\n<p>&nbsp;<\/p>\n<p><strong>Organizaci\u00f3n coordinada con eventos religiosos<\/strong><\/p>\n<p>Por parte de la Parroquia Santa Elena de la Cruz, se preparan los eventos religiosos, que se realizan por fe y tradici\u00f3n, y que congregan a miles y miles de riograndenses durante toda la semana.<\/p>\n<p>&nbsp;<\/p>\n<p>Juan Pablo M\u00e1rquez Ortega, integrante del Grupo de la Acci\u00f3n Cat\u00f3lica Juvenil Mexicana, y coordinador de las actividades, se\u00f1al\u00f3 que cerca de 150 personas, integrantes de diferentes grupos de la Pastoral Juvenil, as\u00ed como de la Hermandad de Jes\u00fas Nazareno, preparan el programa general.<\/p>\n<p>&nbsp;<\/p>\n<p>Destac\u00f3 que entre ellas, est\u00e1 la procesi\u00f3n del Domingo de Ramos, el prendimiento de Jes\u00fas, la representaci\u00f3n del Viacrucis del viernes Santo, las procesiones del silencio y de la alegr\u00eda, as\u00ed como las propias de la Resurrecci\u00f3n.<\/p>\n<p>&nbsp;<\/p>\n<p>M\u00e1rquez Ortega, indic\u00f3 que \u201ces un trabajo de evangelizaci\u00f3n, pero que tenemos que hacerlo de manera coordinada con las autoridades, sobre todo por seguridad tanto de quienes participan, como de quienes acuden a vivir estos actos lit\u00fargicos\u201d.<\/p>\n","protected":false},"excerpt":{"rendered":"<p>Se prepara de manera coordinada el Operativo de Seguridad de Semana Santa 2016 con la intenci\u00f3n de salvaguardar a la poblaci\u00f3n riograndense.<\/p>\n","protected":false},"author":1,"featured_media":2612,"comment_status":"closed","ping_status":"closed","sticky":false,"template":"","format":"standard","meta":{"_monsterinsights_skip_tracking":false,"_monsterinsights_sitenote_active":false,"_monsterinsights_sitenote_note":"","_monsterinsights_sitenote_category":0,"footnotes":""},"categories":[8],"tags":[12,3,18],"class_list":["post-2600","post","type-post","status-publish","format-standard","has-post-thumbnail","hentry","category-gobierno-municipal-rio-grande-zacatecas","tag-comunicacion-social","tag-content-slide","tag-gobierno-municipal-rio-grande"],"jetpack_featured_media_url":"https:\/\/riograndezac.gob.mx\/informatica\/wp-content\/uploads\/2016\/02\/semana-santa-1.png","_links":{"self":[{"href":"https:\/\/riograndezac.gob.mx\/informatica\/index.php?rest_route=\/wp\/v2\/posts\/2600","targetHints":{"allow":["GET"]}}],"collection":[{"href":"https:\/\/riograndezac.gob.mx\/informatica\/index.php?rest_route=\/wp\/v2\/posts"}],"about":[{"href":"https:\/\/riograndezac.gob.mx\/informatica\/index.php?rest_route=\/wp\/v2\/types\/post"}],"author":[{"embeddable":true,"href":"https:\/\/riograndezac.gob.mx\/informatica\/index.php?rest_route=\/wp\/v2\/users\/1"}],"replies":[{"embeddable":true,"href":"https:\/\/riograndezac.gob.mx\/informatica\/index.php?rest_route=%2Fwp%2Fv2%2Fcomments&post=2600"}],"version-history":[{"count":4,"href":"https:\/\/riograndezac.gob.mx\/informatica\/index.php?rest_route=\/wp\/v2\/posts\/2600\/revisions"}],"predecessor-version":[{"id":2614,"href":"https:\/\/riograndezac.gob.mx\/informatica\/index.php?rest_route=\/wp\/v2\/posts\/2600\/revisions\/2614"}],"wp:featuredmedia":[{"embeddable":true,"href":"https:\/\/riograndezac.gob.mx\/informatica\/index.php?rest_route=\/wp\/v2\/media\/2612"}],"wp:attachment":[{"href":"https:\/\/riograndezac.gob.mx\/informatica\/index.php?rest_route=%2Fwp%2Fv2%2Fmedia&parent=2600"}],"wp:term":[{"taxonomy":"category","embeddable":true,"href":"https:\/\/riograndezac.gob.mx\/informatica\/index.php?rest_route=%2Fwp%2Fv2%2Fcategories&post=2600"},{"taxonomy":"post_tag","embeddable":true,"href":"https:\/\/riograndezac.gob.mx\/informatica\/index.php?rest_route=%2Fwp%2Fv2%2Ftags&post=2600"}],"curies":[{"name":"wp","href":"https:\/\/api.w.org\/{rel}","templated":true}]}}