{"id":2603,"date":"2016-02-04T16:57:07","date_gmt":"2016-02-04T22:57:07","guid":{"rendered":"http:\/\/riograndezac.gob.mx\/informatica\/?p=2603"},"modified":"2016-02-04T16:57:07","modified_gmt":"2016-02-04T22:57:07","slug":"bibliotecas-3","status":"publish","type":"post","link":"https:\/\/riograndezac.gob.mx\/informatica\/?p=2603","title":{"rendered":"Bibliotecas"},"content":{"rendered":"<p><a href=\"https:\/\/riograndezac.gob.mx\/informatica\/wp-content\/uploads\/2016\/02\/bibliotecas-2.jpg\" rel=\"attachment wp-att-2604\"><img loading=\"lazy\" decoding=\"async\" class=\"aligncenter size-full wp-image-2604\" src=\"https:\/\/riograndezac.gob.mx\/informatica\/wp-content\/uploads\/2016\/02\/bibliotecas-2.jpg\" alt=\"bibliotecas (2)\" width=\"574\" height=\"382\" srcset=\"https:\/\/riograndezac.gob.mx\/informatica\/wp-content\/uploads\/2016\/02\/bibliotecas-2.jpg 574w, https:\/\/riograndezac.gob.mx\/informatica\/wp-content\/uploads\/2016\/02\/bibliotecas-2-300x200.jpg 300w, https:\/\/riograndezac.gob.mx\/informatica\/wp-content\/uploads\/2016\/02\/bibliotecas-2-24x16.jpg 24w, https:\/\/riograndezac.gob.mx\/informatica\/wp-content\/uploads\/2016\/02\/bibliotecas-2-36x24.jpg 36w, https:\/\/riograndezac.gob.mx\/informatica\/wp-content\/uploads\/2016\/02\/bibliotecas-2-48x32.jpg 48w\" sizes=\"auto, (max-width: 574px) 100vw, 574px\" \/><\/a><\/p>\n<p>Ni\u00f1as y ni\u00f1os del Preescolar \u201cEva S\u00e1mano\u201d, acudieron a la Biblioteca P\u00fablica Regional de R\u00edo Grande, por lo que fueron atendidos por el personal a cargo de Yasm\u00edn Esquivel Aguilera.<\/p>\n<p>&nbsp;<\/p>\n<p>La funcionaria municipal dio la bienvenida a las y los alumnos y les dijo que su presencia es sin\u00f3nimo del inter\u00e9s que tiene tanto el personal docente como los pap\u00e1s de familia, en fomentar el amor a la lectura.<\/p>\n<p>&nbsp;<\/p>\n<p>\u201cSu visita nos llena de satisfacci\u00f3n porque tenemos la oportunidad de mostrarles todas y cada una de las \u00e1reas que integran la biblioteca, as\u00ed como los servicios que brindamos\u201d, explic\u00f3, y as\u00ed mismo, Esquivel Aguilera, junto con las y los bibliotecarios, dieron a conocer a los peque\u00f1os visitantes las funciones b\u00e1sicas de una biblioteca central y los servicios que presta, como la hemeroteca.<\/p>\n<p>&nbsp;<\/p>\n<p>Las y los peque\u00f1os estudiantes conocieron, de manera divertida, la importancia de fomentar el h\u00e1bito de la lectura y participaron en otras actividades con las que se busca que las nuevas generaciones pasen de ser usuarios potenciales a usuarios reales.<\/p>\n<p>&nbsp;<\/p>\n<p>Esta acci\u00f3n forma parte de las actividades que se programas con la intenci\u00f3n de fomentar el amor a la lectura, a los conocimientos, adem\u00e1s de dar a conocer las actividades y servicios que ofrece la biblioteca.<\/p>\n<p>&nbsp;<\/p>\n<p>Esquivel Aguilera, se\u00f1al\u00f3 que \u201cla invitaci\u00f3n la extendemos a todas las instituciones educativas, de todos los niveles, puesto que aunque los peque\u00f1os no saben leer, tienen una gran imaginaci\u00f3n que les ayuda para su desarrollo\u201d.<\/p>\n<p>&nbsp;<\/p>\n<p>Agreg\u00f3 que \u201cpara el caso de los preescolares, como el caso del Eva S\u00e1mano que acudi\u00f3, nuestro personal tiene actividades propias para su edad, desde las cuentacuentos o actividades manuales, para que se les quede un conocimiento durante su visita a la Biblioteca\u201d.<\/p>\n<p>&nbsp;<\/p>\n<p>Finaliz\u00f3 la funcionaria se\u00f1alando que \u201cen todas las bibliotecas que hay tambi\u00e9n en las comunidades, se brindan estos servicios, por lo que pueden acercarse las instituciones de esos lugares para realizar c\u00edrculos de lectura entre otras actividades\u201d.<\/p>\n","protected":false},"excerpt":{"rendered":"<p>Ni\u00f1as y ni\u00f1os del Preescolar \u201cEva S\u00e1mano\u201d, acudieron a la Biblioteca P\u00fablica Regional de R\u00edo Grande, por lo que fueron atendidos por el personal a cargo de Yasm\u00edn Esquivel Aguilera.<\/p>\n","protected":false},"author":1,"featured_media":2604,"comment_status":"closed","ping_status":"closed","sticky":false,"template":"","format":"standard","meta":{"_monsterinsights_skip_tracking":false,"_monsterinsights_sitenote_active":false,"_monsterinsights_sitenote_note":"","_monsterinsights_sitenote_category":0,"footnotes":""},"categories":[5],"tags":[12,18],"class_list":["post-2603","post","type-post","status-publish","format-standard","has-post-thumbnail","hentry","category-destacados","tag-comunicacion-social","tag-gobierno-municipal-rio-grande"],"jetpack_featured_media_url":"https:\/\/riograndezac.gob.mx\/informatica\/wp-content\/uploads\/2016\/02\/bibliotecas-2.jpg","_links":{"self":[{"href":"https:\/\/riograndezac.gob.mx\/informatica\/index.php?rest_route=\/wp\/v2\/posts\/2603","targetHints":{"allow":["GET"]}}],"collection":[{"href":"https:\/\/riograndezac.gob.mx\/informatica\/index.php?rest_route=\/wp\/v2\/posts"}],"about":[{"href":"https:\/\/riograndezac.gob.mx\/informatica\/index.php?rest_route=\/wp\/v2\/types\/post"}],"author":[{"embeddable":true,"href":"https:\/\/riograndezac.gob.mx\/informatica\/index.php?rest_route=\/wp\/v2\/users\/1"}],"replies":[{"embeddable":true,"href":"https:\/\/riograndezac.gob.mx\/informatica\/index.php?rest_route=%2Fwp%2Fv2%2Fcomments&post=2603"}],"version-history":[{"count":1,"href":"https:\/\/riograndezac.gob.mx\/informatica\/index.php?rest_route=\/wp\/v2\/posts\/2603\/revisions"}],"predecessor-version":[{"id":2605,"href":"https:\/\/riograndezac.gob.mx\/informatica\/index.php?rest_route=\/wp\/v2\/posts\/2603\/revisions\/2605"}],"wp:featuredmedia":[{"embeddable":true,"href":"https:\/\/riograndezac.gob.mx\/informatica\/index.php?rest_route=\/wp\/v2\/media\/2604"}],"wp:attachment":[{"href":"https:\/\/riograndezac.gob.mx\/informatica\/index.php?rest_route=%2Fwp%2Fv2%2Fmedia&parent=2603"}],"wp:term":[{"taxonomy":"category","embeddable":true,"href":"https:\/\/riograndezac.gob.mx\/informatica\/index.php?rest_route=%2Fwp%2Fv2%2Fcategories&post=2603"},{"taxonomy":"post_tag","embeddable":true,"href":"https:\/\/riograndezac.gob.mx\/informatica\/index.php?rest_route=%2Fwp%2Fv2%2Ftags&post=2603"}],"curies":[{"name":"wp","href":"https:\/\/api.w.org\/{rel}","templated":true}]}}