{"id":2615,"date":"2016-02-06T18:22:20","date_gmt":"2016-02-07T00:22:20","guid":{"rendered":"http:\/\/riograndezac.gob.mx\/informatica\/?p=2615"},"modified":"2016-02-06T18:22:20","modified_gmt":"2016-02-07T00:22:20","slug":"foro-alameda","status":"publish","type":"post","link":"https:\/\/riograndezac.gob.mx\/informatica\/?p=2615","title":{"rendered":"foro alameda"},"content":{"rendered":"<p><a href=\"https:\/\/riograndezac.gob.mx\/informatica\/wp-content\/uploads\/2016\/02\/foro-alameda.png\" rel=\"attachment wp-att-2616\"><img loading=\"lazy\" decoding=\"async\" class=\"aligncenter size-full wp-image-2616\" src=\"https:\/\/riograndezac.gob.mx\/informatica\/wp-content\/uploads\/2016\/02\/foro-alameda.png\" alt=\"foro alameda\" width=\"700\" height=\"495\" srcset=\"https:\/\/riograndezac.gob.mx\/informatica\/wp-content\/uploads\/2016\/02\/foro-alameda.png 700w, https:\/\/riograndezac.gob.mx\/informatica\/wp-content\/uploads\/2016\/02\/foro-alameda-300x212.png 300w, https:\/\/riograndezac.gob.mx\/informatica\/wp-content\/uploads\/2016\/02\/foro-alameda-24x17.png 24w, https:\/\/riograndezac.gob.mx\/informatica\/wp-content\/uploads\/2016\/02\/foro-alameda-36x25.png 36w, https:\/\/riograndezac.gob.mx\/informatica\/wp-content\/uploads\/2016\/02\/foro-alameda-48x34.png 48w\" sizes=\"auto, (max-width: 700px) 100vw, 700px\" \/><\/a><\/p>\n<p>Este s\u00e1bado comienzan las actividades en el Foro Cultural ubicado en la Alameda, por lo que el Gobierno Municipal de R\u00edo Grande a trav\u00e9s del Instituto Municipal de Cultura a cargo de Jos\u00e9 Merced Zapata Zavala hace la invitaci\u00f3n para asistir a las diferentes actividades preparadas.<\/p>\n<p>&nbsp;<\/p>\n<p>El Funcionario, se\u00f1al\u00f3 que se inicia el s\u00e1bado a las 7:00 pm se tendr\u00e1 la Presentaci\u00f3n Art\u00edstica de Dalia R\u00edos y Grupo Scala en el reci\u00e9n construido Foro de La Alameda, a la par, la Exposici\u00f3n Multidisciplinaria \u201cKhatarsis\u201d en Calle Dr. Delgadillo # 10, para el domingo 7 al 14 de febrero a partir de las 10:00 de la ma\u00f1ana y hasta las 8:00 de la noche, el mismo domingo a las 7 de la noche foro de la Alameda contaremos con la presentaci\u00f3n de la Danzas de Pardos (peque\u00f1os y grandes) de la Pastelera as\u00ed como la exhibici\u00f3n de artesan\u00edas de Arte en piel, Jos\u00e9 Estrada Palafox<\/p>\n<p>&nbsp;<\/p>\n<p>Para el lunes 8 de febrero a partir de las 7 de la noche tendremos la presentaci\u00f3n musical de Adilene y Guillermo Calder\u00f3n, el martes a partir de las 8 de la noche se presentaran los Ni\u00f1os cantores de la cuesta, bajo la direcci\u00f3n de Jos\u00e9 Estrada Palafox y la presentaci\u00f3n de la Maestra Mar\u00eda Luisa Somoza Ayala, de igual forma para el mi\u00e9rcoles a partir de las 6 de la tarde tendremos la Inauguraci\u00f3n de Exposici\u00f3n de Fotograf\u00eda Taurina de Felipe Pescador \u00c1vila y la exhibici\u00f3n de mini -esculturas de Javier Casta\u00f1eda Favela en el Sal\u00f3n \u201cLa Finca\u201d.<\/p>\n<p>&nbsp;<\/p>\n<p>El mismo d\u00eda a las 7 de la noche la presentaci\u00f3n del Grupo \u201cLa Broma\u201d, el Dueto \u201cDulce de Chocolate\u201d en el foro de La Alameda, para el jueves a las 7:00 pm Banda de M\u00fasica del Municipio, la participaci\u00f3n de V\u00edctor Manuel Ber\u00famen y Chancl\u00edn, el viernes la obra de Teatro \u201cS\u00faper h\u00e9roes\u201d para ni\u00f1os, bajo la direcci\u00f3n de Julia Robles de Arte y Teatro del Instituto Zacatecano Cultural \u201cRam\u00f3n L\u00f3pez Velarde\u201d.<\/p>\n<p>&nbsp;<\/p>\n<p>Para el s\u00e1bado 13 de febrero a partir de las 7 dar\u00e1 inicia la tarde musical literaria, a cargo de la Hortensia Hern\u00e1ndez R\u00edos y Mar\u00eda Luisa Somoza Ayala, adem\u00e1s de la presentaci\u00f3n del Coro Municipal, bajo la direcci\u00f3n de Mar\u00eda Luisa Somoza Ayala, finalmente el domingo a la 1:00 de la tarde tendremos la Toma de protesta del Comit\u00e9 Tauromaquia Mexicana cap\u00edtulo R\u00edo Grande en el Sal\u00f3n \u201cLa Finca\u201d, a las 7 de la noche la muestra de poes\u00eda amorosa, a cargo de Carlos Francisco Mireles Estrada y Mariana Mercado Aguilera, poes\u00eda al amor, a cargo de Jos\u00e9 Estrada Palafox.<\/p>\n","protected":false},"excerpt":{"rendered":"<p>Este s\u00e1bado comienzan las actividades en el Foro Cultural ubicado en la Alameda, por lo que el Gobierno Municipal de R\u00edo Grande a trav\u00e9s del Instituto Municipal de Cultura a cargo de Jos\u00e9 Merced Zapata Zavala hace la invitaci\u00f3n para asistir a las diferentes actividades preparadas.<\/p>\n","protected":false},"author":1,"featured_media":2616,"comment_status":"closed","ping_status":"closed","sticky":false,"template":"","format":"standard","meta":{"_monsterinsights_skip_tracking":false,"_monsterinsights_sitenote_active":false,"_monsterinsights_sitenote_note":"","_monsterinsights_sitenote_category":0,"footnotes":""},"categories":[49],"tags":[12,18],"class_list":["post-2615","post","type-post","status-publish","format-standard","has-post-thumbnail","hentry","category-cultura","tag-comunicacion-social","tag-gobierno-municipal-rio-grande"],"jetpack_featured_media_url":"https:\/\/riograndezac.gob.mx\/informatica\/wp-content\/uploads\/2016\/02\/foro-alameda.png","_links":{"self":[{"href":"https:\/\/riograndezac.gob.mx\/informatica\/index.php?rest_route=\/wp\/v2\/posts\/2615","targetHints":{"allow":["GET"]}}],"collection":[{"href":"https:\/\/riograndezac.gob.mx\/informatica\/index.php?rest_route=\/wp\/v2\/posts"}],"about":[{"href":"https:\/\/riograndezac.gob.mx\/informatica\/index.php?rest_route=\/wp\/v2\/types\/post"}],"author":[{"embeddable":true,"href":"https:\/\/riograndezac.gob.mx\/informatica\/index.php?rest_route=\/wp\/v2\/users\/1"}],"replies":[{"embeddable":true,"href":"https:\/\/riograndezac.gob.mx\/informatica\/index.php?rest_route=%2Fwp%2Fv2%2Fcomments&post=2615"}],"version-history":[{"count":1,"href":"https:\/\/riograndezac.gob.mx\/informatica\/index.php?rest_route=\/wp\/v2\/posts\/2615\/revisions"}],"predecessor-version":[{"id":2617,"href":"https:\/\/riograndezac.gob.mx\/informatica\/index.php?rest_route=\/wp\/v2\/posts\/2615\/revisions\/2617"}],"wp:featuredmedia":[{"embeddable":true,"href":"https:\/\/riograndezac.gob.mx\/informatica\/index.php?rest_route=\/wp\/v2\/media\/2616"}],"wp:attachment":[{"href":"https:\/\/riograndezac.gob.mx\/informatica\/index.php?rest_route=%2Fwp%2Fv2%2Fmedia&parent=2615"}],"wp:term":[{"taxonomy":"category","embeddable":true,"href":"https:\/\/riograndezac.gob.mx\/informatica\/index.php?rest_route=%2Fwp%2Fv2%2Fcategories&post=2615"},{"taxonomy":"post_tag","embeddable":true,"href":"https:\/\/riograndezac.gob.mx\/informatica\/index.php?rest_route=%2Fwp%2Fv2%2Ftags&post=2615"}],"curies":[{"name":"wp","href":"https:\/\/api.w.org\/{rel}","templated":true}]}}