{"id":2855,"date":"2016-02-26T13:32:41","date_gmt":"2016-02-26T19:32:41","guid":{"rendered":"http:\/\/riograndezac.gob.mx\/informatica\/?p=2855"},"modified":"2016-02-26T13:32:41","modified_gmt":"2016-02-26T19:32:41","slug":"dia-de-la-bandera","status":"publish","type":"post","link":"https:\/\/riograndezac.gob.mx\/informatica\/?p=2855","title":{"rendered":"Dia de la bandera"},"content":{"rendered":"<p><a href=\"https:\/\/riograndezac.gob.mx\/informatica\/wp-content\/uploads\/2016\/02\/dia-de-la-bandera-4.png\" rel=\"attachment wp-att-2856\"><img loading=\"lazy\" decoding=\"async\" class=\"aligncenter size-full wp-image-2856\" src=\"https:\/\/riograndezac.gob.mx\/informatica\/wp-content\/uploads\/2016\/02\/dia-de-la-bandera-4.png\" alt=\"dia de la bandera (4)\" width=\"800\" height=\"529\" srcset=\"https:\/\/riograndezac.gob.mx\/informatica\/wp-content\/uploads\/2016\/02\/dia-de-la-bandera-4.png 800w, https:\/\/riograndezac.gob.mx\/informatica\/wp-content\/uploads\/2016\/02\/dia-de-la-bandera-4-300x198.png 300w, https:\/\/riograndezac.gob.mx\/informatica\/wp-content\/uploads\/2016\/02\/dia-de-la-bandera-4-768x508.png 768w, https:\/\/riograndezac.gob.mx\/informatica\/wp-content\/uploads\/2016\/02\/dia-de-la-bandera-4-24x16.png 24w, https:\/\/riograndezac.gob.mx\/informatica\/wp-content\/uploads\/2016\/02\/dia-de-la-bandera-4-36x24.png 36w, https:\/\/riograndezac.gob.mx\/informatica\/wp-content\/uploads\/2016\/02\/dia-de-la-bandera-4-48x32.png 48w\" sizes=\"auto, (max-width: 800px) 100vw, 800px\" \/><\/a><\/p>\n<p>\u201cLa Bandera de M\u00e9xico, es el emblema que nos da el Nacionalismo, Identidad y Orgullo ante las naciones del mundo entero\u201d, se\u00f1al\u00f3 el primer mandatario de R\u00edo Grande, Constantino Casta\u00f1eda Mu\u00f1oz, durante el evento conmemorativo de este 24 de febrero.<\/p>\n<p>&nbsp;<\/p>\n<p>Durante la celebraci\u00f3n del d\u00eda de la Bandera de M\u00e9xico, en la que se record\u00f3 la conmemoraci\u00f3n de los 48 a\u00f1os en que se decret\u00f3 como Ciudad a R\u00edo Grande, el alcalde, acompa\u00f1ado de la s\u00edndico municipal Ana Marianela Hern\u00e1ndez Pe\u00f1a, as\u00ed como del secretario del Ayuntamiento, Felipe de Jes\u00fas Badillo Ram\u00edrez, Casta\u00f1eda Mu\u00f1oz extern\u00f3 que \u201cno s\u00f3lo es importante en un gobierno municipal, estar inaugurando obras, sino realizar y participar de este tipo de eventos que construyen seres humanos con valores morales y c\u00edvicos\u201d.<\/p>\n<p>&nbsp;<\/p>\n<p>Con la emotiva participaci\u00f3n de m\u00e1s de 1000 alumnos de 11 preescolares de la cabecera municipal de R\u00edo Grande, se celebr\u00f3 el d\u00eda de la Bandera de M\u00e9xico, con un acto en la explanada de la Plaza C\u00edvica, para continuar con el tradicional desfile por las principales calles.<\/p>\n<p>&nbsp;<\/p>\n<p>De esta manera, con la participaci\u00f3n tambi\u00e9n de las y los regidores del Ayuntamiento, funcionarios y autoridades educativas de la Secretar\u00eda de Educaci\u00f3n (SEDUZAC), encabezaron los tradicionales honores que en esta ocasi\u00f3n fueron organizados por el Jard\u00edn de Ni\u00f1os \u201cEva S\u00e1mano de L\u00f3pez Mateos\u201d, bajo la direcci\u00f3n de Mar\u00eda Elena Campos Arredondo.<\/p>\n<p>&nbsp;<\/p>\n<p>La alegr\u00eda de las y los peque\u00f1os de los preescolares Francisco I. Madero, Ni\u00f1os H\u00e9roes,\u00a0 Cendi no. 2, Juventino Rosas, Gabriela Mistral, Genaro Codina, Rosario Castellanos, Tenamaxtle, Coyolxauhqui, la Escuela de Educaci\u00f3n Especial, y el organizador, se mostraron los distintos tipos de banderas por las cu\u00e1les ha tenido que pasar nuestro L\u00e1baro Patrio Actual, para llegar a ser el s\u00edmbolo que nos identifique como mexicanos.<\/p>\n<p>&nbsp;<\/p>\n<p>El contingente en donde participaron alumnos de los tres grados de preescolar, de cada instituci\u00f3n educativa, parti\u00f3 de la Plaza C\u00edvica del municipio, como seguro testimonio \u00a0de que se transmiten los valores c\u00edvico-patri\u00f3ticos, a las nuevas generaciones.<\/p>\n<p>&nbsp;<\/p>\n<p>Casta\u00f1eda Mu\u00f1oz en su mensaje, enfatiz\u00f3 que es necesario construir infraestructura en el municipio, pero tambi\u00e9n inculcar valores c\u00edvicos y morales, \u201cpues as\u00ed construimos a los ciudadanos del futuro, quiero reconocer tambi\u00e9n a los padres de familia que se dan cita en este tipo de actividades, porque es la manera de sembrar los valores c\u00edvicos, y estoy seguro de que en su hogar les inculcan los valores morales y religiosos, pues son muy necesarios en este tiempo que vivimos\u201d.<\/p>\n<p>&nbsp;<\/p>\n<p>El primer mandatario, tambi\u00e9n en este evento, felicit\u00f3 a toda la poblaci\u00f3n, \u201cpues un d\u00eda como hoy pero de 1968, la cabecera municipal de R\u00edo Grande, fue declarada ciudad, por lo que se congregaron los 3 poderes para emitir este documento con lo cual las y los riograndenses nos debemos de sentir muy orgullosos, y defenderla al igual que a nuestra Bandera Nacional\u201d.<\/p>\n<p>&nbsp;<\/p>\n<p>Finaliz\u00f3 se\u00f1alando que \u201choy tambi\u00e9n en R\u00edo Grande, celebramos los 52 a\u00f1os en que la Radio La Grande de R\u00edo Grande, trabaja para mantener informada a la poblaci\u00f3n, as\u00ed que vaya nuestro reconocimiento para su gerente Guillermo Llamas, as\u00ed como para todos los locutores de esta gran empresa que une a las familias a trav\u00e9s de sus transmisiones por internet, FM y AM\u201d.<\/p>\n","protected":false},"excerpt":{"rendered":"<p>\u201cLa Bandera de M\u00e9xico, es el emblema que nos da el Nacionalismo, Identidad y Orgullo ante las naciones del mundo entero\u201d, se\u00f1al\u00f3 el primer mandatario de R\u00edo Grande, Constantino Casta\u00f1eda Mu\u00f1oz, durante el evento conmemorativo de este 24 de febrero.<\/p>\n","protected":false},"author":1,"featured_media":2856,"comment_status":"closed","ping_status":"closed","sticky":false,"template":"","format":"standard","meta":{"_monsterinsights_skip_tracking":false,"_monsterinsights_sitenote_active":false,"_monsterinsights_sitenote_note":"","_monsterinsights_sitenote_category":0,"footnotes":""},"categories":[8],"tags":[12,3,18],"class_list":["post-2855","post","type-post","status-publish","format-standard","has-post-thumbnail","hentry","category-gobierno-municipal-rio-grande-zacatecas","tag-comunicacion-social","tag-content-slide","tag-gobierno-municipal-rio-grande"],"jetpack_featured_media_url":"https:\/\/riograndezac.gob.mx\/informatica\/wp-content\/uploads\/2016\/02\/dia-de-la-bandera-4.png","_links":{"self":[{"href":"https:\/\/riograndezac.gob.mx\/informatica\/index.php?rest_route=\/wp\/v2\/posts\/2855","targetHints":{"allow":["GET"]}}],"collection":[{"href":"https:\/\/riograndezac.gob.mx\/informatica\/index.php?rest_route=\/wp\/v2\/posts"}],"about":[{"href":"https:\/\/riograndezac.gob.mx\/informatica\/index.php?rest_route=\/wp\/v2\/types\/post"}],"author":[{"embeddable":true,"href":"https:\/\/riograndezac.gob.mx\/informatica\/index.php?rest_route=\/wp\/v2\/users\/1"}],"replies":[{"embeddable":true,"href":"https:\/\/riograndezac.gob.mx\/informatica\/index.php?rest_route=%2Fwp%2Fv2%2Fcomments&post=2855"}],"version-history":[{"count":1,"href":"https:\/\/riograndezac.gob.mx\/informatica\/index.php?rest_route=\/wp\/v2\/posts\/2855\/revisions"}],"predecessor-version":[{"id":2857,"href":"https:\/\/riograndezac.gob.mx\/informatica\/index.php?rest_route=\/wp\/v2\/posts\/2855\/revisions\/2857"}],"wp:featuredmedia":[{"embeddable":true,"href":"https:\/\/riograndezac.gob.mx\/informatica\/index.php?rest_route=\/wp\/v2\/media\/2856"}],"wp:attachment":[{"href":"https:\/\/riograndezac.gob.mx\/informatica\/index.php?rest_route=%2Fwp%2Fv2%2Fmedia&parent=2855"}],"wp:term":[{"taxonomy":"category","embeddable":true,"href":"https:\/\/riograndezac.gob.mx\/informatica\/index.php?rest_route=%2Fwp%2Fv2%2Fcategories&post=2855"},{"taxonomy":"post_tag","embeddable":true,"href":"https:\/\/riograndezac.gob.mx\/informatica\/index.php?rest_route=%2Fwp%2Fv2%2Ftags&post=2855"}],"curies":[{"name":"wp","href":"https:\/\/api.w.org\/{rel}","templated":true}]}}