{"id":2875,"date":"2016-02-26T20:15:21","date_gmt":"2016-02-27T02:15:21","guid":{"rendered":"http:\/\/riograndezac.gob.mx\/informatica\/?p=2875"},"modified":"2016-02-26T20:15:21","modified_gmt":"2016-02-27T02:15:21","slug":"tetillas","status":"publish","type":"post","link":"https:\/\/riograndezac.gob.mx\/informatica\/?p=2875","title":{"rendered":"Tetillas"},"content":{"rendered":"<p><a href=\"https:\/\/riograndezac.gob.mx\/informatica\/wp-content\/uploads\/2016\/02\/presidente-municipal-1.png\" rel=\"attachment wp-att-2876\"><img loading=\"lazy\" decoding=\"async\" class=\"aligncenter size-full wp-image-2876\" src=\"https:\/\/riograndezac.gob.mx\/informatica\/wp-content\/uploads\/2016\/02\/presidente-municipal-1.png\" alt=\"presidente municipal (1)\" width=\"581\" height=\"834\" \/><\/a><\/p>\n<p>\u201cQuiero tocar el tema de la Escuela Primaria de la comunidad de Tetillas, donde en d\u00edas pasados estuvo tomada por algunos padres de familia, por el tema del Domo que se construir\u00e1 en esta instituci\u00f3n\u201d, se\u00f1al\u00f3 Constantino Casta\u00f1eda Mu\u00f1oz, alcalde de R\u00edo Grande.<\/p>\n<p>&nbsp;<\/p>\n<p>\u201cAl parecer el Jefe de Regi\u00f3n Juan de Dios Landeros Alvarado, me busc\u00f3 a un n\u00famero de tel\u00e9fono que ya no tengo, y nosotros estuvimos aqu\u00ed en eventos p\u00fablicos por el d\u00eda de la Bandera, pues el 24 de febrero, por lo que fue un tanto complicado asistir de manera personal a la Escuela de Tetillas, porque se estaba involucrando a la presidencia municipal\u201d, dijo el presidente municipal.<\/p>\n<p>&nbsp;<\/p>\n<p>\u201cEn ese tema quiero decirles que casi hace dos a\u00f1os tuvimos conocimiento de que quer\u00edan un domo, como en muchas escuelas; lamentablemente para nosotros, no nos dimos cuenta de que ya estaban juntando un recurso para su aportaci\u00f3n, era algo entre las madres de familia, pero solamente entre ellas, la presidencia no sab\u00eda de esta acci\u00f3n\u201d, enfatiz\u00f3.<\/p>\n<p>&nbsp;<\/p>\n<p>\u201cEso hizo que en ese tiempo no fuera considerado ese domo para incluirlo en las obras del municipio, y nosotros como administraci\u00f3n hemos hecho un sinn\u00famero de acciones en bien del sector educativo, incluyendo domos y otras acciones que tienen que ver con infraestructura, en conjunto con el Gobernador del Estado, Miguel Alonso Reyes\u201d, extern\u00f3 Casta\u00f1eda Mu\u00f1oz.<\/p>\n<p>&nbsp;<\/p>\n<p>\u201cCreo que fue un descuido por parte de los padres de familia el que no se haya incluido en las obras de municipio ese domo, desde hace dos a\u00f1os; pero hicimos con ellos un compromiso de que lo incluir\u00edamos en el programa del 3&#215;1 para migrantes la construcci\u00f3n de su domo, lamentablemente, ustedes saben que ya el a\u00f1o pasado no se hicieron aprobaciones en el COVAM hasta finales del a\u00f1o, e incluso este a\u00f1o, a\u00fan no se realiza la reuni\u00f3n para someter la obra a aprobaci\u00f3n\u201d, acot\u00f3 el primer mandatario municipal.<\/p>\n<p>&nbsp;<\/p>\n<p>\u201cAclarar que no es mala fe para la comunidad de Tetillas o para la escuela, y a ra\u00edz de que no se pudo someter en el COVAN, hace una semana vi a Artemio Ultreras Cabral, subdirector de Planeaci\u00f3n y Apoyos a la Educaci\u00f3n de la Secretar\u00eda de Educaci\u00f3n de Zacatecas (Seduzac), quien ha sido un gran amigo de R\u00edo Grande en el tema educativo, se hizo el compromiso de que ellos aportar\u00edan materiales, aunque la SEDUZAC no hac\u00eda domos, pero lo har\u00edan en esta ocasi\u00f3n con la intenci\u00f3n de colaborar\u201d, enfatiz\u00f3.<\/p>\n<p>&nbsp;<\/p>\n<p>\u201cNosotros como municipio siempre hemos tenido un compromiso con la poblaci\u00f3n, y por supuesto en esta ocasi\u00f3n les vamos a apoyar, ahora con el tema de la mano de obra calificada para su construcci\u00f3n\u201d, indic\u00f3.<\/p>\n<p>&nbsp;<\/p>\n<p>Casta\u00f1eda Mu\u00f1oz, se\u00f1al\u00f3 \u201cdecirle a la comunidad de Tetillas, que tenemos tambi\u00e9n el compromiso de equiparles el pozo de agua potable que es mancomunado con la comunidad de Anastasio V. Hinojosa, y est\u00e1 considerado en el POA de este a\u00f1o, tanto de la Secretar\u00eda de Agua y Medio Ambiente como de nosotros como municipio a trav\u00e9s del Fondo III, para abatir la marginaci\u00f3n\u201d.<\/p>\n<p>&nbsp;<\/p>\n<p>\u201cEn el mismo tema de los pozos, ya hay otros que se van a aprobar como es el caso de Tierra Blanca, y el que se est\u00e1 trabajando que es el de Santa Teresa, con lo que ya en todas las comunidades estar\u00edamos con el servicio del abastecimiento del agua potable\u201d, finaliz\u00f3.<\/p>\n","protected":false},"excerpt":{"rendered":"<p>\u201cQuiero tocar el tema de la Escuela Primaria de la comunidad de Tetillas, donde en d\u00edas pasados estuvo tomada por algunos padres de familia, por el tema del Domo que se construir\u00e1 en esta instituci\u00f3n\u201d, se\u00f1al\u00f3 Constantino Casta\u00f1eda Mu\u00f1oz, alcalde de R\u00edo Grande.<\/p>\n","protected":false},"author":1,"featured_media":2876,"comment_status":"closed","ping_status":"closed","sticky":false,"template":"","format":"standard","meta":{"_monsterinsights_skip_tracking":false,"_monsterinsights_sitenote_active":false,"_monsterinsights_sitenote_note":"","_monsterinsights_sitenote_category":0,"footnotes":""},"categories":[8],"tags":[12,3,18],"class_list":["post-2875","post","type-post","status-publish","format-standard","has-post-thumbnail","hentry","category-gobierno-municipal-rio-grande-zacatecas","tag-comunicacion-social","tag-content-slide","tag-gobierno-municipal-rio-grande"],"jetpack_featured_media_url":"https:\/\/riograndezac.gob.mx\/informatica\/wp-content\/uploads\/2016\/02\/presidente-municipal-1-e1456539286127.png","_links":{"self":[{"href":"https:\/\/riograndezac.gob.mx\/informatica\/index.php?rest_route=\/wp\/v2\/posts\/2875","targetHints":{"allow":["GET"]}}],"collection":[{"href":"https:\/\/riograndezac.gob.mx\/informatica\/index.php?rest_route=\/wp\/v2\/posts"}],"about":[{"href":"https:\/\/riograndezac.gob.mx\/informatica\/index.php?rest_route=\/wp\/v2\/types\/post"}],"author":[{"embeddable":true,"href":"https:\/\/riograndezac.gob.mx\/informatica\/index.php?rest_route=\/wp\/v2\/users\/1"}],"replies":[{"embeddable":true,"href":"https:\/\/riograndezac.gob.mx\/informatica\/index.php?rest_route=%2Fwp%2Fv2%2Fcomments&post=2875"}],"version-history":[{"count":1,"href":"https:\/\/riograndezac.gob.mx\/informatica\/index.php?rest_route=\/wp\/v2\/posts\/2875\/revisions"}],"predecessor-version":[{"id":2877,"href":"https:\/\/riograndezac.gob.mx\/informatica\/index.php?rest_route=\/wp\/v2\/posts\/2875\/revisions\/2877"}],"wp:featuredmedia":[{"embeddable":true,"href":"https:\/\/riograndezac.gob.mx\/informatica\/index.php?rest_route=\/wp\/v2\/media\/2876"}],"wp:attachment":[{"href":"https:\/\/riograndezac.gob.mx\/informatica\/index.php?rest_route=%2Fwp%2Fv2%2Fmedia&parent=2875"}],"wp:term":[{"taxonomy":"category","embeddable":true,"href":"https:\/\/riograndezac.gob.mx\/informatica\/index.php?rest_route=%2Fwp%2Fv2%2Fcategories&post=2875"},{"taxonomy":"post_tag","embeddable":true,"href":"https:\/\/riograndezac.gob.mx\/informatica\/index.php?rest_route=%2Fwp%2Fv2%2Ftags&post=2875"}],"curies":[{"name":"wp","href":"https:\/\/api.w.org\/{rel}","templated":true}]}}