{"id":2884,"date":"2016-02-27T18:01:28","date_gmt":"2016-02-28T00:01:28","guid":{"rendered":"http:\/\/riograndezac.gob.mx\/informatica\/?p=2884"},"modified":"2016-02-27T18:01:28","modified_gmt":"2016-02-28T00:01:28","slug":"cursos-sumar","status":"publish","type":"post","link":"https:\/\/riograndezac.gob.mx\/informatica\/?p=2884","title":{"rendered":"cursos sumar"},"content":{"rendered":"<p><a href=\"https:\/\/riograndezac.gob.mx\/informatica\/wp-content\/uploads\/2016\/02\/Sumar.png\" rel=\"attachment wp-att-2885\"><img loading=\"lazy\" decoding=\"async\" class=\"aligncenter size-full wp-image-2885\" src=\"https:\/\/riograndezac.gob.mx\/informatica\/wp-content\/uploads\/2016\/02\/Sumar.png\" alt=\"Sumar\" width=\"700\" height=\"406\" srcset=\"https:\/\/riograndezac.gob.mx\/informatica\/wp-content\/uploads\/2016\/02\/Sumar.png 700w, https:\/\/riograndezac.gob.mx\/informatica\/wp-content\/uploads\/2016\/02\/Sumar-300x174.png 300w, https:\/\/riograndezac.gob.mx\/informatica\/wp-content\/uploads\/2016\/02\/Sumar-24x14.png 24w, https:\/\/riograndezac.gob.mx\/informatica\/wp-content\/uploads\/2016\/02\/Sumar-36x21.png 36w, https:\/\/riograndezac.gob.mx\/informatica\/wp-content\/uploads\/2016\/02\/Sumar-48x28.png 48w\" sizes=\"auto, (max-width: 700px) 100vw, 700px\" \/><\/a><\/p>\n<p>Contin\u00faan los cursos en las instalaciones del Centro Multidisciplinario SUMAR de R\u00edo Grande, por lo que con el apoyo y el respaldo del alcalde Constantino Casta\u00f1eda Mu\u00f1oz, se exhorta a la poblaci\u00f3n para que acudan durante este verano.<\/p>\n<p>&nbsp;<\/p>\n<p>El Centro Multidisciplinario SUMAR ubicado en la comunidad de Vicente Guerrero, sigue con las puertas abiertas para recibir a quienes deseen participar de estos cursos.<\/p>\n<p>&nbsp;<\/p>\n<p>El titular de esta \u00e1rea, Alberto S\u00e1nchez Z\u00fa\u00f1iga, detall\u00f3 que \u201cactualmente contamos con cursos que el presidente municipal ha gestionado en distintas instancias, entre ellas en el INCUFIDEZ el de zumba, f\u00fatbol y kun-fu; en la subsecretaria de la Juventud el de belleza y el curso de dibujo; en la Subsecretaria de Artesan\u00edas el de talabarter\u00eda; con la Jurisdicci\u00f3n Sanitaria el de primeros auxilios y por parte de la misma administraci\u00f3n municipal de bordado y afelpado.<\/p>\n<p>&nbsp;<\/p>\n<p>S\u00e1nchez Z\u00fa\u00f1iga, se\u00f1al\u00f3 que los requisitos son presentar una copia de la CURP, 1 copia del comprobante de domicilio, una copia credencial de elector, en caso de que sean menores de edad, presentar la copia de la credencial del INE del pap\u00e1, mam\u00e1 o tutor.<\/p>\n<p>&nbsp;<\/p>\n<p>El funcionario municipal, dijo que durante toda la semana hay cursos, algunos por la ma\u00f1ana y otros por la tarde, de manera de que la poblaci\u00f3n de todas las edades, tanto para hombres, mujeres, ni\u00f1as, ni\u00f1os, las y los abuelitos, pueda acudir, para aprender diversas actividades que promuevan la sana diversi\u00f3n.<\/p>\n<p>&nbsp;<\/p>\n<p>Se\u00f1al\u00f3 que se espera la participaci\u00f3n de familias completas que acudan, puesto que hay una gran variedad de cursos, de manera de que puedan aprovechar el tiempo, adem\u00e1s de que pueden inscribirse en distintos, siempre y cuando no se les empalmen los horarios.<\/p>\n<p>&nbsp;<\/p>\n<p>Refiri\u00f3 S\u00e1nchez Z\u00fa\u00f1iga, que durante todo el d\u00eda, a partir de las 8:30 de la ma\u00f1ana, pueden acudir a recibir informaci\u00f3n, de lunes a viernes, incluso los s\u00e1bados de 9:00 de la ma\u00f1ana a las 3:00 de la tarde, mientras se lleva a cabo la Maestr\u00eda en Educaci\u00f3n, convenida con la Universidad Aut\u00f3noma de Fresnillo.<\/p>\n","protected":false},"excerpt":{"rendered":"<p>Contin\u00faan los cursos en las instalaciones del Centro Multidisciplinario SUMAR de R\u00edo Grande, por lo que con el apoyo y el respaldo del alcalde Constantino Casta\u00f1eda Mu\u00f1oz, se exhorta a la poblaci\u00f3n para que acudan durante este verano.<\/p>\n","protected":false},"author":1,"featured_media":2885,"comment_status":"closed","ping_status":"closed","sticky":false,"template":"","format":"standard","meta":{"_monsterinsights_skip_tracking":false,"_monsterinsights_sitenote_active":false,"_monsterinsights_sitenote_note":"","_monsterinsights_sitenote_category":0,"footnotes":""},"categories":[8],"tags":[12,3,18],"class_list":["post-2884","post","type-post","status-publish","format-standard","has-post-thumbnail","hentry","category-gobierno-municipal-rio-grande-zacatecas","tag-comunicacion-social","tag-content-slide","tag-gobierno-municipal-rio-grande"],"jetpack_featured_media_url":"https:\/\/riograndezac.gob.mx\/informatica\/wp-content\/uploads\/2016\/02\/Sumar.png","_links":{"self":[{"href":"https:\/\/riograndezac.gob.mx\/informatica\/index.php?rest_route=\/wp\/v2\/posts\/2884","targetHints":{"allow":["GET"]}}],"collection":[{"href":"https:\/\/riograndezac.gob.mx\/informatica\/index.php?rest_route=\/wp\/v2\/posts"}],"about":[{"href":"https:\/\/riograndezac.gob.mx\/informatica\/index.php?rest_route=\/wp\/v2\/types\/post"}],"author":[{"embeddable":true,"href":"https:\/\/riograndezac.gob.mx\/informatica\/index.php?rest_route=\/wp\/v2\/users\/1"}],"replies":[{"embeddable":true,"href":"https:\/\/riograndezac.gob.mx\/informatica\/index.php?rest_route=%2Fwp%2Fv2%2Fcomments&post=2884"}],"version-history":[{"count":1,"href":"https:\/\/riograndezac.gob.mx\/informatica\/index.php?rest_route=\/wp\/v2\/posts\/2884\/revisions"}],"predecessor-version":[{"id":2886,"href":"https:\/\/riograndezac.gob.mx\/informatica\/index.php?rest_route=\/wp\/v2\/posts\/2884\/revisions\/2886"}],"wp:featuredmedia":[{"embeddable":true,"href":"https:\/\/riograndezac.gob.mx\/informatica\/index.php?rest_route=\/wp\/v2\/media\/2885"}],"wp:attachment":[{"href":"https:\/\/riograndezac.gob.mx\/informatica\/index.php?rest_route=%2Fwp%2Fv2%2Fmedia&parent=2884"}],"wp:term":[{"taxonomy":"category","embeddable":true,"href":"https:\/\/riograndezac.gob.mx\/informatica\/index.php?rest_route=%2Fwp%2Fv2%2Fcategories&post=2884"},{"taxonomy":"post_tag","embeddable":true,"href":"https:\/\/riograndezac.gob.mx\/informatica\/index.php?rest_route=%2Fwp%2Fv2%2Ftags&post=2884"}],"curies":[{"name":"wp","href":"https:\/\/api.w.org\/{rel}","templated":true}]}}