{"id":2953,"date":"2016-03-05T12:44:44","date_gmt":"2016-03-05T18:44:44","guid":{"rendered":"http:\/\/riograndezac.gob.mx\/informatica\/?p=2953"},"modified":"2016-03-05T12:44:44","modified_gmt":"2016-03-05T18:44:44","slug":"domo-tetillas","status":"publish","type":"post","link":"https:\/\/riograndezac.gob.mx\/informatica\/?p=2953","title":{"rendered":"domo tetillas"},"content":{"rendered":"<p><a href=\"https:\/\/riograndezac.gob.mx\/informatica\/wp-content\/uploads\/2016\/03\/domo-tetillas-2.png\" rel=\"attachment wp-att-2954\"><img loading=\"lazy\" decoding=\"async\" class=\"aligncenter size-full wp-image-2954\" src=\"https:\/\/riograndezac.gob.mx\/informatica\/wp-content\/uploads\/2016\/03\/domo-tetillas-2.png\" alt=\"domo tetillas (2)\" width=\"700\" height=\"473\" srcset=\"https:\/\/riograndezac.gob.mx\/informatica\/wp-content\/uploads\/2016\/03\/domo-tetillas-2.png 700w, https:\/\/riograndezac.gob.mx\/informatica\/wp-content\/uploads\/2016\/03\/domo-tetillas-2-300x203.png 300w, https:\/\/riograndezac.gob.mx\/informatica\/wp-content\/uploads\/2016\/03\/domo-tetillas-2-24x16.png 24w, https:\/\/riograndezac.gob.mx\/informatica\/wp-content\/uploads\/2016\/03\/domo-tetillas-2-36x24.png 36w, https:\/\/riograndezac.gob.mx\/informatica\/wp-content\/uploads\/2016\/03\/domo-tetillas-2-48x32.png 48w\" sizes=\"auto, (max-width: 700px) 100vw, 700px\" \/><\/a><\/p>\n<p>Gracias al esfuerzo y uni\u00f3n de voluntades entre el Gobierno Municipal de R\u00edo Grande y la Secretar\u00eda de Educaci\u00f3n de Zacatecas (SEDUZAC), hoy celebramos el inicio de la obra de construcci\u00f3n del domo, que es una necesidad para esta y las generaciones venideras en la\u00a0 Escuela Primaria \u201c20 de Noviembre\u201d, se\u00f1al\u00f3 el alcalde Constantino Casta\u00f1eda Mu\u00f1oz, durante el emotivo acto que se llev\u00f3 a cabo en la comunidad de Tetillas.<\/p>\n<p>&nbsp;<\/p>\n<p>Durante esta actividad, con la presencia de Juan de Dios Landeros Alvarado de la jefatura de Regi\u00f3n y en representaci\u00f3n de Artemio Ultreras, se inform\u00f3 que el gobierno municipal a cargo de Constantino Casta\u00f1eda Mu\u00f1oz, aportar\u00eda la mano de obra para la construcci\u00f3n del domo, y el Gobierno del Estado a trav\u00e9s de la Secretaria de Educaci\u00f3n\u00a0 SEDUZAC la aportaci\u00f3n del material.<\/p>\n<p>&nbsp;<\/p>\n<p>De igual manera, en esta soleada tarde, con la presencia de la directora de la escuela primaria, Mar\u00eda Martina Gonz\u00e1lez Becerra, autoridades escolares, ejidales, con habitantes de la comunidad as\u00ed como los alumnos y personal administrativo y docente de la escuela, la directora de la instituci\u00f3n dijo que \u201cquiero darles la bienvenida a todos, en esta ocasi\u00f3n que es un evento muy importante no s\u00f3lo para la escuela sino para toda la comunidad, pues es parte de las distintas ideas que son positivas para sacar adelante a la comunidad, sobre todo porque s\u00e9 que tenemos el respaldo de nuestro presidente Consta que siempre ha estado ah\u00ed, dici\u00e9ndonos que estaba listo para poner la mano de obra\u201d.<\/p>\n<p>&nbsp;<\/p>\n<p>En su intervenci\u00f3n el presidente municipal Constantino Casta\u00f1eda, coment\u00f3 que \u201ces un gusto poder estar en esta comunidad, decirles que estamos muy contentos por dar inicio a esta obra, pues hace tiempo que tuvimos una reuni\u00f3n con algunos padres de familia y maestros y nos dijeron que era una gran necesidad su construcci\u00f3n\u201d.<\/p>\n<p>&nbsp;<\/p>\n<p>\u201cTen\u00edamos la idea de hacerlo por medio del programa para migrantes 2&#215;1, pero desafortunadamente no se hab\u00eda llevado a cabo el COVAM desde hace m\u00e1s de 1 a\u00f1o, hasta en diciembre; sabemos de la necesidad de esta construcci\u00f3n, y por ello, ya no est\u00e1 considerada en otros programas sino que hicimos una gesti\u00f3n con el susbsecretario de la SEDUZAC, Artemio Utreras quien tuvo a bien considerarla dentro de los planes operativos anuales y hoy es necesario que les diga que es una excepci\u00f3n. Por ello, quiero agradecer el compromiso con la educaci\u00f3n por parte del gobernador Miguel Alonso Reyes.<\/p>\n<p>&nbsp;<\/p>\n<p>\u201cNosotros como Gobierno Municipal, hemos llevado obra a cada una de las instituciones educativas, nos interesa darle el respaldo al sector educativo, y por ello, tambi\u00e9n se\u00f1alar y agradecer el respaldo del gobernador del estado por el apoyo que ha hecho a las escuelas, por ejemplo, en el caso de la reubicaci\u00f3n de la ESGIMA y del Jard\u00edn de Ni\u00f1os Eva S\u00e1mano, que implicaron un gasto millonario en la cual el municipio ten\u00eda que hacer una aportaci\u00f3n de terrenos, reconocer la disposici\u00f3n de Artemio Ultreras pues fue quien nos ayud\u00f3 a gestionar los terrenos y gracias a ello R\u00edo Grande hizo la aportaci\u00f3n con el terreno para la escuela secundaria y al jard\u00edn de ni\u00f1os\u201d, enfatiz\u00f3 el alcalde.<\/p>\n<p>&nbsp;<\/p>\n<p>En ese sentido refiri\u00f3 que \u201cen la lucha del magisterio ellos reclamaban espacios dignos para las escuelas que durante muchos a\u00f1os hab\u00edan estado abandonadas, e incluso, se presentaron resistencias para hacer los cambios, sin embargo, ahora en R\u00edo Grande la nueva secundaria y el nuevo k\u00ednder, tendr\u00e1n infraestructura moderna y espacios dignos\u201d<\/p>\n<p>&nbsp;<\/p>\n<p>\u201cSabemos que el desaf\u00edo que tiene la educaci\u00f3n es muy grande, pues se requieren m\u00e1s inversiones por eso agradecemos el respaldo del gobierno del estado porque se ve la mano, tuvimos la incertidumbre sobre aterrizar esta obra ahora con toda la responsabilidad, pues no s\u00f3lo es esta obra, pues ya estamos en pl\u00e1ticas para el equipamiento del pozo de agua potable y el alcantarillado, en Tetillas, seguiremos trabajando para mejorar la comunidad\u201d, dijo Casta\u00f1eda Mu\u00f1oz.<\/p>\n<p>&nbsp;<\/p>\n","protected":false},"excerpt":{"rendered":"<p>Gracias al esfuerzo y uni\u00f3n de voluntades entre el Gobierno Municipal de R\u00edo Grande y la Secretar\u00eda de Educaci\u00f3n de Zacatecas (SEDUZAC), hoy celebramos el inicio de la obra de construcci\u00f3n del domo<\/p>\n","protected":false},"author":1,"featured_media":2954,"comment_status":"closed","ping_status":"closed","sticky":false,"template":"","format":"standard","meta":{"_monsterinsights_skip_tracking":false,"_monsterinsights_sitenote_active":false,"_monsterinsights_sitenote_note":"","_monsterinsights_sitenote_category":0,"footnotes":""},"categories":[8],"tags":[12,18],"class_list":["post-2953","post","type-post","status-publish","format-standard","has-post-thumbnail","hentry","category-gobierno-municipal-rio-grande-zacatecas","tag-comunicacion-social","tag-gobierno-municipal-rio-grande"],"jetpack_featured_media_url":"https:\/\/riograndezac.gob.mx\/informatica\/wp-content\/uploads\/2016\/03\/domo-tetillas-2.png","_links":{"self":[{"href":"https:\/\/riograndezac.gob.mx\/informatica\/index.php?rest_route=\/wp\/v2\/posts\/2953","targetHints":{"allow":["GET"]}}],"collection":[{"href":"https:\/\/riograndezac.gob.mx\/informatica\/index.php?rest_route=\/wp\/v2\/posts"}],"about":[{"href":"https:\/\/riograndezac.gob.mx\/informatica\/index.php?rest_route=\/wp\/v2\/types\/post"}],"author":[{"embeddable":true,"href":"https:\/\/riograndezac.gob.mx\/informatica\/index.php?rest_route=\/wp\/v2\/users\/1"}],"replies":[{"embeddable":true,"href":"https:\/\/riograndezac.gob.mx\/informatica\/index.php?rest_route=%2Fwp%2Fv2%2Fcomments&post=2953"}],"version-history":[{"count":1,"href":"https:\/\/riograndezac.gob.mx\/informatica\/index.php?rest_route=\/wp\/v2\/posts\/2953\/revisions"}],"predecessor-version":[{"id":2955,"href":"https:\/\/riograndezac.gob.mx\/informatica\/index.php?rest_route=\/wp\/v2\/posts\/2953\/revisions\/2955"}],"wp:featuredmedia":[{"embeddable":true,"href":"https:\/\/riograndezac.gob.mx\/informatica\/index.php?rest_route=\/wp\/v2\/media\/2954"}],"wp:attachment":[{"href":"https:\/\/riograndezac.gob.mx\/informatica\/index.php?rest_route=%2Fwp%2Fv2%2Fmedia&parent=2953"}],"wp:term":[{"taxonomy":"category","embeddable":true,"href":"https:\/\/riograndezac.gob.mx\/informatica\/index.php?rest_route=%2Fwp%2Fv2%2Fcategories&post=2953"},{"taxonomy":"post_tag","embeddable":true,"href":"https:\/\/riograndezac.gob.mx\/informatica\/index.php?rest_route=%2Fwp%2Fv2%2Ftags&post=2953"}],"curies":[{"name":"wp","href":"https:\/\/api.w.org\/{rel}","templated":true}]}}