{"id":2960,"date":"2016-03-05T13:03:07","date_gmt":"2016-03-05T19:03:07","guid":{"rendered":"http:\/\/riograndezac.gob.mx\/informatica\/?p=2960"},"modified":"2016-03-05T13:03:07","modified_gmt":"2016-03-05T19:03:07","slug":"en-el-marco-del-dia-internacional-de-la-naturaleza-se-inicio-la-campana-rio-grande-limpio-y-sano","status":"publish","type":"post","link":"https:\/\/riograndezac.gob.mx\/informatica\/?p=2960","title":{"rendered":"En el marco del d\u00eda internacional de la Naturaleza, se inici\u00f3 la campa\u00f1a \u201cR\u00edo Grande limpio y sano\u201d"},"content":{"rendered":"<p><a href=\"https:\/\/riograndezac.gob.mx\/informatica\/wp-content\/uploads\/2016\/03\/ecologia-4.png\" rel=\"attachment wp-att-2961\"><img loading=\"lazy\" decoding=\"async\" class=\"aligncenter size-full wp-image-2961\" src=\"https:\/\/riograndezac.gob.mx\/informatica\/wp-content\/uploads\/2016\/03\/ecologia-4.png\" alt=\"ecologia (4)\" width=\"700\" height=\"464\" srcset=\"https:\/\/riograndezac.gob.mx\/informatica\/wp-content\/uploads\/2016\/03\/ecologia-4.png 700w, https:\/\/riograndezac.gob.mx\/informatica\/wp-content\/uploads\/2016\/03\/ecologia-4-300x199.png 300w, https:\/\/riograndezac.gob.mx\/informatica\/wp-content\/uploads\/2016\/03\/ecologia-4-24x16.png 24w, https:\/\/riograndezac.gob.mx\/informatica\/wp-content\/uploads\/2016\/03\/ecologia-4-36x24.png 36w, https:\/\/riograndezac.gob.mx\/informatica\/wp-content\/uploads\/2016\/03\/ecologia-4-48x32.png 48w\" sizes=\"auto, (max-width: 700px) 100vw, 700px\" \/><\/a><\/p>\n<p>En el marco del d\u00eda internacional de la Naturaleza, se inici\u00f3 la campa\u00f1a \u201cR\u00edo Grande limpio y sano\u201d, implementada por el gobierno municipal encabezado por Constantino Casta\u00f1eda Mu\u00f1oz a trav\u00e9s del Instituto Municipal del Medio Ambiente (IMEMARG) y la direcci\u00f3n de Obras y Servicios P\u00fablicos, en la comunidad de Los Ram\u00edrez, donde se limpiaron 500 metros lineales.<\/p>\n<p>&nbsp;<\/p>\n<p>Con la participaci\u00f3n de alumnas y alumnos de la primaria \u201cVicente Rivapalacio\u201d y telesecundaria \u201cAlfonso Medina\u201d de la comunidad Los Ram\u00edrez, e incluso con padres y madres de familia, el Instituto Municipal de Ecolog\u00eda, reinici\u00f3 la campa\u00f1a de limpieza donde se cont\u00f3 con el respaldo del departamento de limpia de obras p\u00fablicas.<\/p>\n<p>&nbsp;<\/p>\n<p>En esta actividad, Constantino Casta\u00f1eda Mu\u00f1oz, dio el banderazo para iniciar las actividades, con la presencia de Ra\u00fal Monreal D\u00edaz, director del IMEMARG, as\u00ed como de Erasmo Vaquera Moreno, titular del departamento de limpia.<\/p>\n<p>&nbsp;<\/p>\n<p>Casta\u00f1eda Mu\u00f1oz, en su mensaje se\u00f1al\u00f3 que \u201chay cerca de 30 predios utilizados como tiraderos clandestinos y notifica a los due\u00f1os sobre la situaci\u00f3n, por lo que es necesario un trabajo entre la sociedad y nosotros como autoridades, es importante la concientizaci\u00f3n de la poblaci\u00f3n, porque de nada sirve limpiar y luego a los pocos d\u00edas que est\u00e9 igual. Por eso, estamos informando que se impondr\u00e1n multas a quienes se les sorprenda tirando basura\u201d.<\/p>\n<p>&nbsp;<\/p>\n<p>El alcalde, expuso que las multas van de 10 salarios m\u00ednimos hasta 10 mil salarios m\u00e1ximos, dependiendo del grado de contaminaci\u00f3n que se ocasione, por lo que exhort\u00f3 a la poblaci\u00f3n para que se abstenga de llevar a cabo esta acci\u00f3n que contamina el ambiente a toda la ciudan\u00eda.<\/p>\n<p>&nbsp;<\/p>\n<p>Casta\u00f1eda Mu\u00f1oz, agradeci\u00f3 el respaldo de la \u201cpoblaci\u00f3n de esta comunidad que particip\u00f3 en la campa\u00f1a, y los invito para que contin\u00faen con esta campa\u00f1a, sobre todo pensando no s\u00f3lo en las generaciones futuras, sino en nosotros, pues el tema del calentamiento global lo estamos ya sufriendo, a veces sequias pero muy extremas y a veces las lluvias que generan las inundaciones\u201d.<\/p>\n<p>&nbsp;<\/p>\n<p>El primer mandatario municipal, dijo que se continuar\u00e1 con esta campa\u00f1a en cabecera municipal y en comunidades, con la participaci\u00f3n de las autoridades escolares, las instituciones educativas, los padres de familia y las y los alumnos.<\/p>\n","protected":false},"excerpt":{"rendered":"<p>En el marco del d\u00eda internacional de la Naturaleza, se inici\u00f3 la campa\u00f1a \u201cR\u00edo Grande limpio y sano\u201d, implementada por el gobierno municipal encabezado por Constantino Casta\u00f1eda Mu\u00f1oz a trav\u00e9s del Instituto Municipal del Medio Ambiente (IMEMARG)<\/p>\n","protected":false},"author":1,"featured_media":2961,"comment_status":"closed","ping_status":"closed","sticky":false,"template":"","format":"standard","meta":{"_monsterinsights_skip_tracking":false,"_monsterinsights_sitenote_active":false,"_monsterinsights_sitenote_note":"","_monsterinsights_sitenote_category":0,"footnotes":""},"categories":[4],"tags":[12,3,18],"class_list":["post-2960","post","type-post","status-publish","format-standard","has-post-thumbnail","hentry","category-boletines","tag-comunicacion-social","tag-content-slide","tag-gobierno-municipal-rio-grande"],"jetpack_featured_media_url":"https:\/\/riograndezac.gob.mx\/informatica\/wp-content\/uploads\/2016\/03\/ecologia-4.png","_links":{"self":[{"href":"https:\/\/riograndezac.gob.mx\/informatica\/index.php?rest_route=\/wp\/v2\/posts\/2960","targetHints":{"allow":["GET"]}}],"collection":[{"href":"https:\/\/riograndezac.gob.mx\/informatica\/index.php?rest_route=\/wp\/v2\/posts"}],"about":[{"href":"https:\/\/riograndezac.gob.mx\/informatica\/index.php?rest_route=\/wp\/v2\/types\/post"}],"author":[{"embeddable":true,"href":"https:\/\/riograndezac.gob.mx\/informatica\/index.php?rest_route=\/wp\/v2\/users\/1"}],"replies":[{"embeddable":true,"href":"https:\/\/riograndezac.gob.mx\/informatica\/index.php?rest_route=%2Fwp%2Fv2%2Fcomments&post=2960"}],"version-history":[{"count":1,"href":"https:\/\/riograndezac.gob.mx\/informatica\/index.php?rest_route=\/wp\/v2\/posts\/2960\/revisions"}],"predecessor-version":[{"id":2962,"href":"https:\/\/riograndezac.gob.mx\/informatica\/index.php?rest_route=\/wp\/v2\/posts\/2960\/revisions\/2962"}],"wp:featuredmedia":[{"embeddable":true,"href":"https:\/\/riograndezac.gob.mx\/informatica\/index.php?rest_route=\/wp\/v2\/media\/2961"}],"wp:attachment":[{"href":"https:\/\/riograndezac.gob.mx\/informatica\/index.php?rest_route=%2Fwp%2Fv2%2Fmedia&parent=2960"}],"wp:term":[{"taxonomy":"category","embeddable":true,"href":"https:\/\/riograndezac.gob.mx\/informatica\/index.php?rest_route=%2Fwp%2Fv2%2Fcategories&post=2960"},{"taxonomy":"post_tag","embeddable":true,"href":"https:\/\/riograndezac.gob.mx\/informatica\/index.php?rest_route=%2Fwp%2Fv2%2Ftags&post=2960"}],"curies":[{"name":"wp","href":"https:\/\/api.w.org\/{rel}","templated":true}]}}