{"id":2976,"date":"2016-03-07T10:31:53","date_gmt":"2016-03-07T16:31:53","guid":{"rendered":"http:\/\/riograndezac.gob.mx\/informatica\/?p=2976"},"modified":"2016-03-07T10:31:53","modified_gmt":"2016-03-07T16:31:53","slug":"imjuve","status":"publish","type":"post","link":"https:\/\/riograndezac.gob.mx\/informatica\/?p=2976","title":{"rendered":"imjuve"},"content":{"rendered":"<p><a href=\"https:\/\/riograndezac.gob.mx\/informatica\/wp-content\/uploads\/2016\/03\/ANGELES-GALAVIZ.jpg\" rel=\"attachment wp-att-2977\"><img loading=\"lazy\" decoding=\"async\" class=\"aligncenter size-full wp-image-2977\" src=\"https:\/\/riograndezac.gob.mx\/informatica\/wp-content\/uploads\/2016\/03\/ANGELES-GALAVIZ.jpg\" alt=\"ANGELES GALAVIZ\" width=\"184\" height=\"274\" srcset=\"https:\/\/riograndezac.gob.mx\/informatica\/wp-content\/uploads\/2016\/03\/ANGELES-GALAVIZ.jpg 184w, https:\/\/riograndezac.gob.mx\/informatica\/wp-content\/uploads\/2016\/03\/ANGELES-GALAVIZ-16x24.jpg 16w, https:\/\/riograndezac.gob.mx\/informatica\/wp-content\/uploads\/2016\/03\/ANGELES-GALAVIZ-24x36.jpg 24w, https:\/\/riograndezac.gob.mx\/informatica\/wp-content\/uploads\/2016\/03\/ANGELES-GALAVIZ-32x48.jpg 32w\" sizes=\"auto, (max-width: 184px) 100vw, 184px\" \/><\/a><\/p>\n<p>El gobierno municipal de R\u00edo Grande a trav\u00e9s del Instituto de la Juventud\u00a0 (IMJUVE) se une a las actividades que se realizar\u00e1n con motivo de conmemorar el d\u00eda internacional de la mujer.<\/p>\n<p>&nbsp;<\/p>\n<p>Para este pr\u00f3ximo 8 de marzo se llevar\u00e1 a cabo una conferencia titulada con alumnos del Centro Tecnol\u00f3gico Agropecuario n\u00famero 20 (CBTa no. 20), llamada \u201cMedidas de prevenci\u00f3n, autocuidado corporal y vida sexual en las mujeres j\u00f3venes\u201d impartida por Bertha Alicia Medrano Ruiz, coordinadora de la unidad de salud sexual y g\u00e9nero de la Secretaria de Desarrollo Social de Zacatecas (SEDESOL), inform\u00f3 la titular del IMJUVE \u00c1ngeles Galaviz Medrano.<\/p>\n<p>&nbsp;<\/p>\n<p>\u201cLa mejor manera de acercarse a esta tem\u00e1tica tan importante en adolescentes, es el di\u00e1logo entre padres e hijos, en el cual siempre existe la posibilidad de transmitir experiencias y de capitalizar lo vivido, aqu\u00ed entra en acci\u00f3n todo lo que se les inculca desde peque\u00f1os, la importancia de los valores que les transmitimos, cuando les ense\u00f1amos a nuestro hijo a respetar su cuerpo o bien les d\u00e1bamos permiso para aceptar su identidad al partir de la base de ense\u00f1arles a amar su cuerpo\u201d, refiri\u00f3 la titular del instituto.<\/p>\n<p>&nbsp;<\/p>\n<p>\u201cPensamos que la iniciaci\u00f3n sexual ser\u00e1 una expresi\u00f3n que sintetizar\u00e1 c\u00f3mo se han tomado las vivencias de la sexualidad en la familia de cada adolescente, las malas influencias encuentran su l\u00edmite, justamente, en la mayor o menor confianza que sienta la adolescente para plantear sus dudas y conflictos a los adultos que la rodean\u201d, refiri\u00f3 Galaviz Medrano.<\/p>\n<p>&nbsp;<\/p>\n<p>\u201cEstos temas entre m\u00e1s dudas y comentarios se tocar\u00e1n en la conferencia, pues vemos como la necesidad de atender a los j\u00f3venes en especial a las mujeres es prioridad hoy en d\u00eda, acabar con la violencia hacia la mujer, incluirla en actividades que la ayuden a desarrollarse y sentirse plena es uno de los objetivos\u201d, finaliz\u00f3.<\/p>\n","protected":false},"excerpt":{"rendered":"<p>El gobierno municipal de R\u00edo Grande a trav\u00e9s del Instituto de la Juventud  (IMJUVE) se une a las actividades que se realizar\u00e1n con motivo de conmemorar el d\u00eda internacional de la mujer.<\/p>\n","protected":false},"author":1,"featured_media":2977,"comment_status":"closed","ping_status":"closed","sticky":false,"template":"","format":"standard","meta":{"_monsterinsights_skip_tracking":false,"_monsterinsights_sitenote_active":false,"_monsterinsights_sitenote_note":"","_monsterinsights_sitenote_category":0,"footnotes":""},"categories":[5],"tags":[12,18],"class_list":["post-2976","post","type-post","status-publish","format-standard","has-post-thumbnail","hentry","category-destacados","tag-comunicacion-social","tag-gobierno-municipal-rio-grande"],"jetpack_featured_media_url":"https:\/\/riograndezac.gob.mx\/informatica\/wp-content\/uploads\/2016\/03\/ANGELES-GALAVIZ.jpg","_links":{"self":[{"href":"https:\/\/riograndezac.gob.mx\/informatica\/index.php?rest_route=\/wp\/v2\/posts\/2976","targetHints":{"allow":["GET"]}}],"collection":[{"href":"https:\/\/riograndezac.gob.mx\/informatica\/index.php?rest_route=\/wp\/v2\/posts"}],"about":[{"href":"https:\/\/riograndezac.gob.mx\/informatica\/index.php?rest_route=\/wp\/v2\/types\/post"}],"author":[{"embeddable":true,"href":"https:\/\/riograndezac.gob.mx\/informatica\/index.php?rest_route=\/wp\/v2\/users\/1"}],"replies":[{"embeddable":true,"href":"https:\/\/riograndezac.gob.mx\/informatica\/index.php?rest_route=%2Fwp%2Fv2%2Fcomments&post=2976"}],"version-history":[{"count":1,"href":"https:\/\/riograndezac.gob.mx\/informatica\/index.php?rest_route=\/wp\/v2\/posts\/2976\/revisions"}],"predecessor-version":[{"id":2978,"href":"https:\/\/riograndezac.gob.mx\/informatica\/index.php?rest_route=\/wp\/v2\/posts\/2976\/revisions\/2978"}],"wp:featuredmedia":[{"embeddable":true,"href":"https:\/\/riograndezac.gob.mx\/informatica\/index.php?rest_route=\/wp\/v2\/media\/2977"}],"wp:attachment":[{"href":"https:\/\/riograndezac.gob.mx\/informatica\/index.php?rest_route=%2Fwp%2Fv2%2Fmedia&parent=2976"}],"wp:term":[{"taxonomy":"category","embeddable":true,"href":"https:\/\/riograndezac.gob.mx\/informatica\/index.php?rest_route=%2Fwp%2Fv2%2Fcategories&post=2976"},{"taxonomy":"post_tag","embeddable":true,"href":"https:\/\/riograndezac.gob.mx\/informatica\/index.php?rest_route=%2Fwp%2Fv2%2Ftags&post=2976"}],"curies":[{"name":"wp","href":"https:\/\/api.w.org\/{rel}","templated":true}]}}