{"id":3000,"date":"2016-03-09T12:12:19","date_gmt":"2016-03-09T18:12:19","guid":{"rendered":"http:\/\/riograndezac.gob.mx\/informatica\/?p=3000"},"modified":"2016-03-09T12:33:11","modified_gmt":"2016-03-09T18:33:11","slug":"primera-semana-nacional-de-vacunacion-antirrabica","status":"publish","type":"post","link":"https:\/\/riograndezac.gob.mx\/informatica\/?p=3000","title":{"rendered":"Primera Semana Nacional de Vacunaci\u00f3n Antirr\u00e1bica."},"content":{"rendered":"<p><a href=\"https:\/\/riograndezac.gob.mx\/informatica\/wp-content\/uploads\/2016\/03\/semana-rabia.png\" rel=\"attachment wp-att-3001\"><img loading=\"lazy\" decoding=\"async\" class=\"aligncenter size-full wp-image-3001\" src=\"https:\/\/riograndezac.gob.mx\/informatica\/wp-content\/uploads\/2016\/03\/semana-rabia.png\" alt=\"semana rabia\" width=\"778\" height=\"472\" srcset=\"https:\/\/riograndezac.gob.mx\/informatica\/wp-content\/uploads\/2016\/03\/semana-rabia.png 778w, https:\/\/riograndezac.gob.mx\/informatica\/wp-content\/uploads\/2016\/03\/semana-rabia-300x182.png 300w, https:\/\/riograndezac.gob.mx\/informatica\/wp-content\/uploads\/2016\/03\/semana-rabia-768x466.png 768w, https:\/\/riograndezac.gob.mx\/informatica\/wp-content\/uploads\/2016\/03\/semana-rabia-24x15.png 24w, https:\/\/riograndezac.gob.mx\/informatica\/wp-content\/uploads\/2016\/03\/semana-rabia-36x22.png 36w, https:\/\/riograndezac.gob.mx\/informatica\/wp-content\/uploads\/2016\/03\/semana-rabia-48x29.png 48w\" sizes=\"auto, (max-width: 778px) 100vw, 778px\" \/><\/a><\/p>\n<p>El gobierno municipal de R\u00edo Grande encabezado por\u00a0 Miguel Rodr\u00edguez Molina, respaldar\u00e1 las acciones llevadas a cabo por la Secretar\u00eda de Salud del estado de Zacatecas, a trav\u00e9s de la Jurisdicci\u00f3n Sanitaria n\u00famero IV, para llevar a cabo la Primera Semana Nacional de Vacunaci\u00f3n Antirr\u00e1bica.<\/p>\n<p>&nbsp;<\/p>\n<p>Miguel Rodr\u00edguez, alcalde riograndense, se\u00f1al\u00f3 que de acuerdo a la informaci\u00f3n de la Jurisdicci\u00f3n Sanitaria, en pr\u00f3ximos d\u00edas se dar\u00e1n a conocer los puestos de vacunaci\u00f3n, puesto que la semana ser\u00e1 del domingo 13 al s\u00e1bado 19 de marzo, aunque como cada campa\u00f1a se instalar\u00e1n los tradicionales como es el caso del de la Plaza Principal, as\u00ed como el de la Jurisdicci\u00f3n Sanitaria, entre otros.<\/p>\n<p>&nbsp;<\/p>\n<p>\u201cLas vacunaciones son un cuidado preventivo esencial para las mascotas. Con la vacunaci\u00f3n, los animales pueden ser protegidos contra numerosos riesgos de enfermedades, incluyendo rabia, hepatitis y varias otras. Algunas de estas enfermedades pueden ser contagiadas de perros a las personas\u201d, se\u00f1al\u00f3.<\/p>\n<p>&nbsp;<\/p>\n<p>Rodr\u00edguez Molina, dijo que \u201clos perros cuando no son vacunados pueden sufrir enfermedades al ser atacados por virus y bacterias, las vacunas ense\u00f1an al sistema inmunol\u00f3gico de su perro a reaccionar r\u00e1pidamente ante un agente infeccioso que puede provocarle da\u00f1o, son m\u00e1s baratas que tener a su mascota bajo tratamiento por una enfermedad, por eso no espere a que su mascota se enferme\u201d.<\/p>\n<p>&nbsp;<\/p>\n<p>\u201cHay que tener en cuenta que los animales dom\u00e9sticos son los principales transmisores de las enfermedades, la vacunaci\u00f3n de los perros y mascotas es la mejor medida preventiva, ante una herida producida por un animal sospechoso lo primer que hay que hacer es la limpieza adecuada y la administraci\u00f3n de la vacuna antirr\u00e1bica\u201d, indic\u00f3 el alcalde.<\/p>\n<p>&nbsp;<\/p>\n<p>\u201cLa vacunaci\u00f3n es uno de los pilares para la prevenci\u00f3n y control de la rabia, por lo que la vacuna que se aplica es de la m\u00e1s alta calidad y totalmente gratuita; se debe aplicar en perros y gatos a partir del mes de edad, revacunar a los 3 y 6 meses de edad y posteriormente aplicar un refuerzo anual durante toda la vida de la mascota\u201d, finaliz\u00f3.<\/p>\n","protected":false},"excerpt":{"rendered":"<p>El gobierno municipal de R\u00edo Grande encabezado por  Miguel Rodr\u00edguez Molina, respaldar\u00e1 las acciones llevadas a cabo por la Secretar\u00eda de Salud del estado de Zacatecas, a trav\u00e9s de la Jurisdicci\u00f3n Sanitaria n\u00famero IV, para llevar a cabo la Primera Semana Nacional de Vacunaci\u00f3n Antirr\u00e1bica.<\/p>\n","protected":false},"author":1,"featured_media":3001,"comment_status":"closed","ping_status":"closed","sticky":false,"template":"","format":"standard","meta":{"_monsterinsights_skip_tracking":false,"_monsterinsights_sitenote_active":false,"_monsterinsights_sitenote_note":"","_monsterinsights_sitenote_category":0,"footnotes":""},"categories":[5],"tags":[12,18],"class_list":["post-3000","post","type-post","status-publish","format-standard","has-post-thumbnail","hentry","category-destacados","tag-comunicacion-social","tag-gobierno-municipal-rio-grande"],"jetpack_featured_media_url":"https:\/\/riograndezac.gob.mx\/informatica\/wp-content\/uploads\/2016\/03\/semana-rabia.png","_links":{"self":[{"href":"https:\/\/riograndezac.gob.mx\/informatica\/index.php?rest_route=\/wp\/v2\/posts\/3000","targetHints":{"allow":["GET"]}}],"collection":[{"href":"https:\/\/riograndezac.gob.mx\/informatica\/index.php?rest_route=\/wp\/v2\/posts"}],"about":[{"href":"https:\/\/riograndezac.gob.mx\/informatica\/index.php?rest_route=\/wp\/v2\/types\/post"}],"author":[{"embeddable":true,"href":"https:\/\/riograndezac.gob.mx\/informatica\/index.php?rest_route=\/wp\/v2\/users\/1"}],"replies":[{"embeddable":true,"href":"https:\/\/riograndezac.gob.mx\/informatica\/index.php?rest_route=%2Fwp%2Fv2%2Fcomments&post=3000"}],"version-history":[{"count":1,"href":"https:\/\/riograndezac.gob.mx\/informatica\/index.php?rest_route=\/wp\/v2\/posts\/3000\/revisions"}],"predecessor-version":[{"id":3002,"href":"https:\/\/riograndezac.gob.mx\/informatica\/index.php?rest_route=\/wp\/v2\/posts\/3000\/revisions\/3002"}],"wp:featuredmedia":[{"embeddable":true,"href":"https:\/\/riograndezac.gob.mx\/informatica\/index.php?rest_route=\/wp\/v2\/media\/3001"}],"wp:attachment":[{"href":"https:\/\/riograndezac.gob.mx\/informatica\/index.php?rest_route=%2Fwp%2Fv2%2Fmedia&parent=3000"}],"wp:term":[{"taxonomy":"category","embeddable":true,"href":"https:\/\/riograndezac.gob.mx\/informatica\/index.php?rest_route=%2Fwp%2Fv2%2Fcategories&post=3000"},{"taxonomy":"post_tag","embeddable":true,"href":"https:\/\/riograndezac.gob.mx\/informatica\/index.php?rest_route=%2Fwp%2Fv2%2Ftags&post=3000"}],"curies":[{"name":"wp","href":"https:\/\/api.w.org\/{rel}","templated":true}]}}