{"id":3025,"date":"2016-03-11T14:14:05","date_gmt":"2016-03-11T20:14:05","guid":{"rendered":"http:\/\/riograndezac.gob.mx\/informatica\/?p=3025"},"modified":"2016-03-11T14:14:05","modified_gmt":"2016-03-11T20:14:05","slug":"proteccion-civil-3","status":"publish","type":"post","link":"https:\/\/riograndezac.gob.mx\/informatica\/?p=3025","title":{"rendered":"proteccion civil"},"content":{"rendered":"<p><a href=\"https:\/\/riograndezac.gob.mx\/informatica\/wp-content\/uploads\/2016\/03\/PC.jpg\" rel=\"attachment wp-att-3026\"><img loading=\"lazy\" decoding=\"async\" class=\"aligncenter size-full wp-image-3026\" src=\"https:\/\/riograndezac.gob.mx\/informatica\/wp-content\/uploads\/2016\/03\/PC.jpg\" alt=\"PC\" width=\"700\" height=\"466\" srcset=\"https:\/\/riograndezac.gob.mx\/informatica\/wp-content\/uploads\/2016\/03\/PC.jpg 700w, https:\/\/riograndezac.gob.mx\/informatica\/wp-content\/uploads\/2016\/03\/PC-300x200.jpg 300w, https:\/\/riograndezac.gob.mx\/informatica\/wp-content\/uploads\/2016\/03\/PC-24x16.jpg 24w, https:\/\/riograndezac.gob.mx\/informatica\/wp-content\/uploads\/2016\/03\/PC-36x24.jpg 36w, https:\/\/riograndezac.gob.mx\/informatica\/wp-content\/uploads\/2016\/03\/PC-48x32.jpg 48w\" sizes=\"auto, (max-width: 700px) 100vw, 700px\" \/><\/a><\/p>\n<p>Debido a las bajas temperaturas que se han registrado en el estado y que se espera contin\u00faen as\u00ed durante este viernes, el director de la Unidad de Protecci\u00f3n Civil y Bomberos de R\u00edo Grande, H\u00e9ctor Joaqu\u00edn Calder\u00f3n Aguilar, recomend\u00f3 a la poblaci\u00f3n extremar precauciones.<\/p>\n<p>&nbsp;<\/p>\n<p>\u201cPor indicaci\u00f3n del alcalde Miguel Rodr\u00edguez Molina, estamos en constante comunicaci\u00f3n con Seguridad P\u00fablica realizando rondines para estar atentos a cualquier situaci\u00f3n que pueda suscitarse en el municipio\u201d, se\u00f1al\u00f3 el funcionario.<\/p>\n<p>&nbsp;<\/p>\n<p>As\u00ed mismo, dijo que \u201csi las personas no tienen por qu\u00e9 salir de sus casas o viajar en carretera, eviten hacerlo y se resguarden, manteniendo al alcance documentaci\u00f3n personal y familiar, por si se llega a presentar alguna contingencia\u201d.<\/p>\n<p>&nbsp;<\/p>\n<p>Calder\u00f3n Aguilar, expuso que \u201cdebido a la sensaci\u00f3n t\u00e9rmica helada, en distintas instituciones, sino es que en la mayor\u00eda, se tom\u00f3 la determinaci\u00f3n de suspender clases debido a la presencia de agua nieve, chubascos y precipitaciones desde el mi\u00e9rcoles y jueves\u201d.<\/p>\n<p>&nbsp;<\/p>\n<p>El titular de PC, dijo refiri\u00f3 que \u201cdebido a los pron\u00f3sticos, se prev\u00e9 que el descenso en la temperatura contin\u00fae este viernes, por lo que se realizar\u00e1n rondines en coordinaci\u00f3n con la polic\u00eda municipal, e incluso con Polic\u00eda Estatal por las colonias m\u00e1s vulnerables, para ofrecer ayuda a las personas que as\u00ed lo requieran\u201d.<\/p>\n<p>&nbsp;<\/p>\n<p>Alert\u00f3 a la poblaci\u00f3n para proteger a los menores y adultos mayores de las bajas temperaturas, por lo que exhort\u00f3 a las personas no prender anafres dentro de domicilios, para evitar cualquier incidente.<\/p>\n<p>&nbsp;<\/p>\n<p>Agreg\u00f3 que las precauciones deben extremarse si se conduce un veh\u00edculo, pues en la ciudad los automovilistas deben respetar las distancias, y en carretera no exceder velocidades recomendadas, incluso ir a menor velocidad con las intermitentes encendidas.<\/p>\n<p>&nbsp;<\/p>\n<p>Explic\u00f3 que como parte del plan de contingencia de la temporada invernal, los albergues estar\u00e1n a disposici\u00f3n de la poblaci\u00f3n, por lo que alent\u00f3 a quien requiera visitarlos, por lo que la ciudadan\u00eda puede hacer los reportes correspondientes al 066, que es atendido durante las 24 horas del d\u00eda.<\/p>\n","protected":false},"excerpt":{"rendered":"<p>Debido a las bajas temperaturas que se han registrado en el estado y que se espera contin\u00faen as\u00ed durante este viernes, el director de la Unidad de Protecci\u00f3n Civil y Bomberos de R\u00edo Grande, H\u00e9ctor Joaqu\u00edn Calder\u00f3n Aguilar, recomend\u00f3 a la poblaci\u00f3n extremar precauciones.<\/p>\n","protected":false},"author":1,"featured_media":3026,"comment_status":"closed","ping_status":"closed","sticky":false,"template":"","format":"standard","meta":{"_monsterinsights_skip_tracking":false,"_monsterinsights_sitenote_active":false,"_monsterinsights_sitenote_note":"","_monsterinsights_sitenote_category":0,"footnotes":""},"categories":[4],"tags":[12,3,18],"class_list":["post-3025","post","type-post","status-publish","format-standard","has-post-thumbnail","hentry","category-boletines","tag-comunicacion-social","tag-content-slide","tag-gobierno-municipal-rio-grande"],"jetpack_featured_media_url":"https:\/\/riograndezac.gob.mx\/informatica\/wp-content\/uploads\/2016\/03\/PC.jpg","_links":{"self":[{"href":"https:\/\/riograndezac.gob.mx\/informatica\/index.php?rest_route=\/wp\/v2\/posts\/3025","targetHints":{"allow":["GET"]}}],"collection":[{"href":"https:\/\/riograndezac.gob.mx\/informatica\/index.php?rest_route=\/wp\/v2\/posts"}],"about":[{"href":"https:\/\/riograndezac.gob.mx\/informatica\/index.php?rest_route=\/wp\/v2\/types\/post"}],"author":[{"embeddable":true,"href":"https:\/\/riograndezac.gob.mx\/informatica\/index.php?rest_route=\/wp\/v2\/users\/1"}],"replies":[{"embeddable":true,"href":"https:\/\/riograndezac.gob.mx\/informatica\/index.php?rest_route=%2Fwp%2Fv2%2Fcomments&post=3025"}],"version-history":[{"count":1,"href":"https:\/\/riograndezac.gob.mx\/informatica\/index.php?rest_route=\/wp\/v2\/posts\/3025\/revisions"}],"predecessor-version":[{"id":3027,"href":"https:\/\/riograndezac.gob.mx\/informatica\/index.php?rest_route=\/wp\/v2\/posts\/3025\/revisions\/3027"}],"wp:featuredmedia":[{"embeddable":true,"href":"https:\/\/riograndezac.gob.mx\/informatica\/index.php?rest_route=\/wp\/v2\/media\/3026"}],"wp:attachment":[{"href":"https:\/\/riograndezac.gob.mx\/informatica\/index.php?rest_route=%2Fwp%2Fv2%2Fmedia&parent=3025"}],"wp:term":[{"taxonomy":"category","embeddable":true,"href":"https:\/\/riograndezac.gob.mx\/informatica\/index.php?rest_route=%2Fwp%2Fv2%2Fcategories&post=3025"},{"taxonomy":"post_tag","embeddable":true,"href":"https:\/\/riograndezac.gob.mx\/informatica\/index.php?rest_route=%2Fwp%2Fv2%2Ftags&post=3025"}],"curies":[{"name":"wp","href":"https:\/\/api.w.org\/{rel}","templated":true}]}}