{"id":3028,"date":"2016-03-11T14:16:48","date_gmt":"2016-03-11T20:16:48","guid":{"rendered":"http:\/\/riograndezac.gob.mx\/informatica\/?p=3028"},"modified":"2016-03-11T14:16:48","modified_gmt":"2016-03-11T20:16:48","slug":"dif-municipal","status":"publish","type":"post","link":"https:\/\/riograndezac.gob.mx\/informatica\/?p=3028","title":{"rendered":"dif municipal"},"content":{"rendered":"<p><a href=\"https:\/\/riograndezac.gob.mx\/informatica\/wp-content\/uploads\/2016\/03\/DIF-MPAL-2.png\" rel=\"attachment wp-att-3029\"><img loading=\"lazy\" decoding=\"async\" class=\"aligncenter size-full wp-image-3029\" src=\"https:\/\/riograndezac.gob.mx\/informatica\/wp-content\/uploads\/2016\/03\/DIF-MPAL-2.png\" alt=\"DIF MPAL (2)\" width=\"700\" height=\"386\" srcset=\"https:\/\/riograndezac.gob.mx\/informatica\/wp-content\/uploads\/2016\/03\/DIF-MPAL-2.png 700w, https:\/\/riograndezac.gob.mx\/informatica\/wp-content\/uploads\/2016\/03\/DIF-MPAL-2-300x165.png 300w, https:\/\/riograndezac.gob.mx\/informatica\/wp-content\/uploads\/2016\/03\/DIF-MPAL-2-24x13.png 24w, https:\/\/riograndezac.gob.mx\/informatica\/wp-content\/uploads\/2016\/03\/DIF-MPAL-2-36x20.png 36w, https:\/\/riograndezac.gob.mx\/informatica\/wp-content\/uploads\/2016\/03\/DIF-MPAL-2-48x26.png 48w\" sizes=\"auto, (max-width: 700px) 100vw, 700px\" \/><\/a><\/p>\n<p>Toma posesi\u00f3n como presidenta del Sistema Municipal para el Desarrollo Integral de la Familia (SMDIF), Elsa Rodr\u00edguez Badillo, para continuar con el trabajo de la instituci\u00f3n y dar buenos resultados\u00a0 a los sectores m\u00e1s vulnerables de R\u00edo Grande.<\/p>\n<p>&nbsp;<\/p>\n<p>Con la presencia del alcalde Miguel Rodr\u00edguez Molina, el Secretario del Ayuntamiento, Felipe de Jes\u00fas Badillo Ram\u00edrez, la s\u00edndico municipal Ana Marianela Hern\u00e1ndez Pe\u00f1a, entre otros funcionarios y regidores, se present\u00f3 a Elsa Rodr\u00edguez Badillo, como presidenta de la Unidad Administrativa, para que encabece los trabajos que ah\u00ed se llevan a cabo.<\/p>\n<p>&nbsp;<\/p>\n<p>En el edificio que ocupa el DIF municipal se inform\u00f3 que con los cambios que se dieron en la presidencia, por ende se dar\u00eda en esta dependencia, por lo que Rodr\u00edguez Badillo, hija del alcalde ocupar\u00eda el puesto honor\u00edfico de presidenta.<\/p>\n<p>&nbsp;<\/p>\n<p>De esta manera, Julio C\u00e9sar Mares Torres, director del DIF, indic\u00f3 que \u201chemos conformado un fuerte equipo de trabajo que por supuesto le dar\u00e1 todo el respaldo para seguir trabajando en pro de los sectores m\u00e1s vulnerables; nosotros tenemos hora de entrada pero no una hora de salida, porque sabemos que la atenci\u00f3n a la poblaci\u00f3n es a cualquier hora, por lo que tenemos la disposici\u00f3n de continuar en ese sentido\u201d.<\/p>\n<p>&nbsp;<\/p>\n<p>Por parte de la nueva presidenta del DIF, se\u00f1al\u00f3 que \u201cles agradezco la bienvenida, cr\u00e9anme que vamos a promover la cultura del orden, del respeto y de la tolerancia, primero entre nosotros y luego entre las familias que atendamos, sobre todo entre las familias, pues en ellas se da el sustento a los valores y principios que rigen a la sociedad\u201d.<\/p>\n<p>&nbsp;<\/p>\n<p>Por parte del secretario del Ayuntamiento, hizo la exhortativa para que \u201ctodo el personal, se siga conduciendo con mucha honradez, entusiasmo y entrega a su trabajo, puesto que ustedes atienden una parte muy delicada como es la protecci\u00f3n de los menores, la rehabilitaci\u00f3n de las personas con discapacidad y la atenci\u00f3n a las mujeres y adultos mayores\u201d.<\/p>\n<p>&nbsp;<\/p>\n<p>Hern\u00e1ndez Pe\u00f1a, se\u00f1al\u00f3 que \u201csabemos que ustedes tienen como eje rector la integraci\u00f3n de las familias, por lo que es bueno que se sigan conduciendo en ese sentido, sin bajar la guardia en estos \u00faltimos 6 meses que nos quedan al frente de la Administraci\u00f3n\u201d.<\/p>\n<p>&nbsp;<\/p>\n<p>En esta actividad, estuvieron los regidores Mart\u00edn Badillo Rodr\u00edguez, Jes\u00fas Chaires y la edil Marcela Rivas Espino, para dar el respaldo por parte del Ayuntamiento de R\u00edo Grande a la presidenta del DIF municipal.<\/p>\n<p>&nbsp;<\/p>\n","protected":false},"excerpt":{"rendered":"<p>Toma posesi\u00f3n como presidenta del Sistema Municipal para el Desarrollo Integral de la Familia (SMDIF), Elsa Rodr\u00edguez Badillo, para continuar con el trabajo de la instituci\u00f3n y dar buenos resultados  a los sectores m\u00e1s vulnerables de R\u00edo Grande.<\/p>\n","protected":false},"author":1,"featured_media":3029,"comment_status":"closed","ping_status":"closed","sticky":false,"template":"","format":"standard","meta":{"_monsterinsights_skip_tracking":false,"_monsterinsights_sitenote_active":false,"_monsterinsights_sitenote_note":"","_monsterinsights_sitenote_category":0,"footnotes":""},"categories":[5],"tags":[12,18],"class_list":["post-3028","post","type-post","status-publish","format-standard","has-post-thumbnail","hentry","category-destacados","tag-comunicacion-social","tag-gobierno-municipal-rio-grande"],"jetpack_featured_media_url":"https:\/\/riograndezac.gob.mx\/informatica\/wp-content\/uploads\/2016\/03\/DIF-MPAL-2.png","_links":{"self":[{"href":"https:\/\/riograndezac.gob.mx\/informatica\/index.php?rest_route=\/wp\/v2\/posts\/3028","targetHints":{"allow":["GET"]}}],"collection":[{"href":"https:\/\/riograndezac.gob.mx\/informatica\/index.php?rest_route=\/wp\/v2\/posts"}],"about":[{"href":"https:\/\/riograndezac.gob.mx\/informatica\/index.php?rest_route=\/wp\/v2\/types\/post"}],"author":[{"embeddable":true,"href":"https:\/\/riograndezac.gob.mx\/informatica\/index.php?rest_route=\/wp\/v2\/users\/1"}],"replies":[{"embeddable":true,"href":"https:\/\/riograndezac.gob.mx\/informatica\/index.php?rest_route=%2Fwp%2Fv2%2Fcomments&post=3028"}],"version-history":[{"count":1,"href":"https:\/\/riograndezac.gob.mx\/informatica\/index.php?rest_route=\/wp\/v2\/posts\/3028\/revisions"}],"predecessor-version":[{"id":3030,"href":"https:\/\/riograndezac.gob.mx\/informatica\/index.php?rest_route=\/wp\/v2\/posts\/3028\/revisions\/3030"}],"wp:featuredmedia":[{"embeddable":true,"href":"https:\/\/riograndezac.gob.mx\/informatica\/index.php?rest_route=\/wp\/v2\/media\/3029"}],"wp:attachment":[{"href":"https:\/\/riograndezac.gob.mx\/informatica\/index.php?rest_route=%2Fwp%2Fv2%2Fmedia&parent=3028"}],"wp:term":[{"taxonomy":"category","embeddable":true,"href":"https:\/\/riograndezac.gob.mx\/informatica\/index.php?rest_route=%2Fwp%2Fv2%2Fcategories&post=3028"},{"taxonomy":"post_tag","embeddable":true,"href":"https:\/\/riograndezac.gob.mx\/informatica\/index.php?rest_route=%2Fwp%2Fv2%2Ftags&post=3028"}],"curies":[{"name":"wp","href":"https:\/\/api.w.org\/{rel}","templated":true}]}}