{"id":3041,"date":"2016-03-14T12:51:31","date_gmt":"2016-03-14T18:51:31","guid":{"rendered":"http:\/\/riograndezac.gob.mx\/informatica\/?p=3041"},"modified":"2016-03-14T12:51:31","modified_gmt":"2016-03-14T18:51:31","slug":"revision-por-lluvias","status":"publish","type":"post","link":"https:\/\/riograndezac.gob.mx\/informatica\/?p=3041","title":{"rendered":"revision por lluvias"},"content":{"rendered":"<p><a href=\"https:\/\/riograndezac.gob.mx\/informatica\/wp-content\/uploads\/2016\/03\/ASIEL-FELIPE-GARCIA.jpg\" rel=\"attachment wp-att-3042\"><img loading=\"lazy\" decoding=\"async\" class=\"aligncenter size-full wp-image-3042\" src=\"https:\/\/riograndezac.gob.mx\/informatica\/wp-content\/uploads\/2016\/03\/ASIEL-FELIPE-GARCIA.jpg\" alt=\"ASIEL FELIPE GARCIA\" width=\"800\" height=\"397\" srcset=\"https:\/\/riograndezac.gob.mx\/informatica\/wp-content\/uploads\/2016\/03\/ASIEL-FELIPE-GARCIA.jpg 800w, https:\/\/riograndezac.gob.mx\/informatica\/wp-content\/uploads\/2016\/03\/ASIEL-FELIPE-GARCIA-300x149.jpg 300w, https:\/\/riograndezac.gob.mx\/informatica\/wp-content\/uploads\/2016\/03\/ASIEL-FELIPE-GARCIA-768x381.jpg 768w, https:\/\/riograndezac.gob.mx\/informatica\/wp-content\/uploads\/2016\/03\/ASIEL-FELIPE-GARCIA-24x12.jpg 24w, https:\/\/riograndezac.gob.mx\/informatica\/wp-content\/uploads\/2016\/03\/ASIEL-FELIPE-GARCIA-36x18.jpg 36w, https:\/\/riograndezac.gob.mx\/informatica\/wp-content\/uploads\/2016\/03\/ASIEL-FELIPE-GARCIA-48x24.jpg 48w\" sizes=\"auto, (max-width: 800px) 100vw, 800px\" \/><\/a><\/p>\n<p>En el marco del Operativo preventivo permanente que implement\u00f3 el Gobierno Municipal de R\u00edo Grande encabezado por Miguel Rodr\u00edguez Molina, ante las intensas lluvias que se presentaron ante la octava tormenta invernal y el frente fr\u00edo n\u00famero 34, se realizaron rondines en las colonias y comunidades con la intenci\u00f3n de saber si hubo afectaciones a las casas con el tema de los techos ca\u00eddos.<\/p>\n<p>&nbsp;<\/p>\n<p>Ante esta situaci\u00f3n el director de Obras y Servicios y P\u00fablicos, Asiel Felipe Garc\u00eda Mares, realiz\u00f3 distintos recorridos, para ubicar techos ca\u00eddos en las casas habitaci\u00f3n, sobre todo en lugares como en Boquilla de Arriba, donde afortunadamente no se dio la situaci\u00f3n de afectaciones.<\/p>\n<p>&nbsp;<\/p>\n<p>Garc\u00eda Mares, a\u00f1adi\u00f3 que \u201ces necesario se\u00f1alar que en esta comunidad de Boquilla, normalmente hab\u00eda da\u00f1os por las lluvias, ahora, gracias a la inversi\u00f3n hist\u00f3rica que este gobierno municipal ha aplicado despu\u00e9s de ser catalogada de muy alta marginaci\u00f3n con 2.5 millones de pesos, en estos dos d\u00edas de lluvias, no hubo un da\u00f1o mayor\u201d.<\/p>\n<p>&nbsp;<\/p>\n<p>El director de Obras y Servicios P\u00fablicos, a\u00f1adi\u00f3 que \u201cen realidad es todo un operativo el que se mont\u00f3 por disposici\u00f3n del alcalde Rodr\u00edguez Molina, desde las corporaciones de seguridad p\u00fablica, la unidad de protecci\u00f3n civil, SIMAPARG, obras p\u00fablicas, desarrollo agropecuario, la secretar\u00eda del ayuntamiento, as\u00ed como la direcci\u00f3n de desarrollo econ\u00f3mico, estuvimos atentas, para salir al frente a cualquier situaci\u00f3n\u201d.<\/p>\n<p>&nbsp;<\/p>\n<p>De igual manera, \u201cacudimos a otras comunidades como Francisco Garc\u00eda Salinas El Fuerte, Ex Hacienda de Guadalupe, Las Esperanzas, Pastelera, entre otras, para estar atentas. Afortunadamente, las lluvias ya cesaron, sin embargo, seguiremos pendientes de la situaci\u00f3n climatol\u00f3gica\u201d, indic\u00f3 Garc\u00eda Mares.<\/p>\n<p>&nbsp;<\/p>\n<p>Finaliz\u00f3 se\u00f1alando que se est\u00e1 en alerta permanente por parte de las autoridades municipales, sin que exista el riesgo de alguna inundaci\u00f3n, sin embargo, exhort\u00f3 a la poblaci\u00f3n para que haga cualquier reporte al sistema de emergencias 066 para acudir de inmediato.<\/p>\n","protected":false},"excerpt":{"rendered":"<p>En el marco del Operativo preventivo permanente que implement\u00f3 el Gobierno Municipal de R\u00edo Grande encabezado por Miguel Rodr\u00edguez Molina, ante las intensas lluvias que se presentaron ante la octava tormenta invernal y el frente fr\u00edo n\u00famero 34<\/p>\n","protected":false},"author":1,"featured_media":3042,"comment_status":"closed","ping_status":"closed","sticky":false,"template":"","format":"standard","meta":{"_monsterinsights_skip_tracking":false,"_monsterinsights_sitenote_active":false,"_monsterinsights_sitenote_note":"","_monsterinsights_sitenote_category":0,"footnotes":""},"categories":[8],"tags":[12,3,18],"class_list":["post-3041","post","type-post","status-publish","format-standard","has-post-thumbnail","hentry","category-gobierno-municipal-rio-grande-zacatecas","tag-comunicacion-social","tag-content-slide","tag-gobierno-municipal-rio-grande"],"jetpack_featured_media_url":"https:\/\/riograndezac.gob.mx\/informatica\/wp-content\/uploads\/2016\/03\/ASIEL-FELIPE-GARCIA.jpg","_links":{"self":[{"href":"https:\/\/riograndezac.gob.mx\/informatica\/index.php?rest_route=\/wp\/v2\/posts\/3041","targetHints":{"allow":["GET"]}}],"collection":[{"href":"https:\/\/riograndezac.gob.mx\/informatica\/index.php?rest_route=\/wp\/v2\/posts"}],"about":[{"href":"https:\/\/riograndezac.gob.mx\/informatica\/index.php?rest_route=\/wp\/v2\/types\/post"}],"author":[{"embeddable":true,"href":"https:\/\/riograndezac.gob.mx\/informatica\/index.php?rest_route=\/wp\/v2\/users\/1"}],"replies":[{"embeddable":true,"href":"https:\/\/riograndezac.gob.mx\/informatica\/index.php?rest_route=%2Fwp%2Fv2%2Fcomments&post=3041"}],"version-history":[{"count":1,"href":"https:\/\/riograndezac.gob.mx\/informatica\/index.php?rest_route=\/wp\/v2\/posts\/3041\/revisions"}],"predecessor-version":[{"id":3043,"href":"https:\/\/riograndezac.gob.mx\/informatica\/index.php?rest_route=\/wp\/v2\/posts\/3041\/revisions\/3043"}],"wp:featuredmedia":[{"embeddable":true,"href":"https:\/\/riograndezac.gob.mx\/informatica\/index.php?rest_route=\/wp\/v2\/media\/3042"}],"wp:attachment":[{"href":"https:\/\/riograndezac.gob.mx\/informatica\/index.php?rest_route=%2Fwp%2Fv2%2Fmedia&parent=3041"}],"wp:term":[{"taxonomy":"category","embeddable":true,"href":"https:\/\/riograndezac.gob.mx\/informatica\/index.php?rest_route=%2Fwp%2Fv2%2Fcategories&post=3041"},{"taxonomy":"post_tag","embeddable":true,"href":"https:\/\/riograndezac.gob.mx\/informatica\/index.php?rest_route=%2Fwp%2Fv2%2Ftags&post=3041"}],"curies":[{"name":"wp","href":"https:\/\/api.w.org\/{rel}","templated":true}]}}