{"id":4164,"date":"2017-02-16T08:56:59","date_gmt":"2017-02-16T14:56:59","guid":{"rendered":"http:\/\/riograndezac.gob.mx\/informatica\/?p=4164"},"modified":"2017-02-16T08:56:59","modified_gmt":"2017-02-16T14:56:59","slug":"honores-a-la-bandera-en-la-escuela-primaria-general-panfilo-natera-de-la-colonia-jardines-del-rio","status":"publish","type":"post","link":"https:\/\/riograndezac.gob.mx\/informatica\/?p=4164","title":{"rendered":"Honores a la bandera en la escuela primaria General P\u00e1nfilo Natera de la colonia Jardines del R\u00edo."},"content":{"rendered":"<p>\u201cLa importancia de participar en estos eventos junto con los alumnos es para fortalecer la personalidad c\u00edvica y esa unidad nacional que representan nuestros s\u00edmbolos patrios, hoy sabemos que es la educaci\u00f3n el \u00fanico camino para lograr el progreso de los pueblos sea cual sea el sitio en la tierra, la educaci\u00f3n es el detonante para el desarrollo\u201d\u00a0 detallo el presidente municipal Julo Cesar Ram\u00edrez L\u00f3pez al encabezar como cada lunes los honores a la bandera, en esta ocasi\u00f3n en la primaria General P\u00e1nfilo Natera de la colonia Jardines del R\u00edo.<\/p>\n<p>&nbsp;<\/p>\n<p>\u201cHemos visto como pa\u00edses que han sido devastados por guerras hoy son grandes potencias a nivel internacional, pues le han apostado al proyecto educativo, hoy en nuestro municipio, en el estado y en el pa\u00eds requerimos de esa unidad para acabar con el vicio de la corrupci\u00f3n, en com\u00fan cada instituci\u00f3n tiene una meta, formar alumnos comprometidos y empapados de valores\u201d detall\u00f3.<\/p>\n<p>&nbsp;<\/p>\n<p>En otro tema, el alcalde coment\u00f3 que \u201chemos realizado un viaje a la ciudad de Waco Texas, donde tuvimos la oportunidad de reunirnos con un club de migrantes quienes est\u00e1n en la mejor disposici\u00f3n de trabajar pro el bien de nuestro municipio incluso del estado para lograr mas recurso y obras mezcladas en el programa 3&#215;1, tenemos la responsabilidad de brindar la atenci\u00f3n no solo a los riograndenses sino a nuestros amigos que radican en el extranjero pues son quienes nos impulsan y nos dan fuerza en esto\u201d<\/p>\n<p>&nbsp;<\/p>\n<p>\u201cTenemos presupuestada una gesti\u00f3n por mas de 28 millones de pesos en el programa 3&#215;1 para migrantes solo para R\u00edo Grande, no solo es pedirles su colaboraci\u00f3n sino involucrarnos con ellos y que se sientan respaldados por esta administraci\u00f3n, sabemos que tenemos una sola oportunidad para hacer que las cosas sucedan y queremos hacerlo de la mejor manera, un\u00e1monos a exterminar con la lacra de la corrupci\u00f3n, salgamos de la zona de confort y vamos a esforzarnos por salir adelante\u201d recalc\u00f3.<\/p>\n<p>&nbsp;<\/p>\n<p>Finalmente el presidente Julio Cesar Ram\u00edrez L\u00f3pez a\u00f1adi\u00f3 que \u201cdebemos ser diferentes, hoy por hoy no descansare de exhortar a los maestros y a los padres de familia a formar a nuestros hijos y a los alumnos a ser personas de \u00e9xito, emprendedores y responsables para que solo con un poco de sentido com\u00fan podamos transformar nuestro alrededor, seguir con los ideales y tener la conciencia de que la pol\u00edtica ya no es para servirse sino para servir a la sociedad, de todos depende que estos ni\u00f1os sean unos excelentes ciudadanos\u201d<\/p>\n","protected":false},"excerpt":{"rendered":"<p>La importancia de participar en estos eventos junto con los alumnos es para fortalecer la personalidad c\u00edvica y esa unidad nacional que representan nuestros s\u00edmbolos patrios<\/p>\n","protected":false},"author":1,"featured_media":4165,"comment_status":"open","ping_status":"closed","sticky":false,"template":"","format":"standard","meta":{"_monsterinsights_skip_tracking":false,"_monsterinsights_sitenote_active":false,"_monsterinsights_sitenote_note":"","_monsterinsights_sitenote_category":0,"footnotes":""},"categories":[5],"tags":[12,18],"class_list":["post-4164","post","type-post","status-publish","format-standard","has-post-thumbnail","hentry","category-destacados","tag-comunicacion-social","tag-gobierno-municipal-rio-grande"],"jetpack_featured_media_url":"https:\/\/riograndezac.gob.mx\/informatica\/wp-content\/uploads\/2017\/02\/Captura-de-pantalla-2017-02-13-a-las-15.02.01.png","_links":{"self":[{"href":"https:\/\/riograndezac.gob.mx\/informatica\/index.php?rest_route=\/wp\/v2\/posts\/4164","targetHints":{"allow":["GET"]}}],"collection":[{"href":"https:\/\/riograndezac.gob.mx\/informatica\/index.php?rest_route=\/wp\/v2\/posts"}],"about":[{"href":"https:\/\/riograndezac.gob.mx\/informatica\/index.php?rest_route=\/wp\/v2\/types\/post"}],"author":[{"embeddable":true,"href":"https:\/\/riograndezac.gob.mx\/informatica\/index.php?rest_route=\/wp\/v2\/users\/1"}],"replies":[{"embeddable":true,"href":"https:\/\/riograndezac.gob.mx\/informatica\/index.php?rest_route=%2Fwp%2Fv2%2Fcomments&post=4164"}],"version-history":[{"count":1,"href":"https:\/\/riograndezac.gob.mx\/informatica\/index.php?rest_route=\/wp\/v2\/posts\/4164\/revisions"}],"predecessor-version":[{"id":4166,"href":"https:\/\/riograndezac.gob.mx\/informatica\/index.php?rest_route=\/wp\/v2\/posts\/4164\/revisions\/4166"}],"wp:featuredmedia":[{"embeddable":true,"href":"https:\/\/riograndezac.gob.mx\/informatica\/index.php?rest_route=\/wp\/v2\/media\/4165"}],"wp:attachment":[{"href":"https:\/\/riograndezac.gob.mx\/informatica\/index.php?rest_route=%2Fwp%2Fv2%2Fmedia&parent=4164"}],"wp:term":[{"taxonomy":"category","embeddable":true,"href":"https:\/\/riograndezac.gob.mx\/informatica\/index.php?rest_route=%2Fwp%2Fv2%2Fcategories&post=4164"},{"taxonomy":"post_tag","embeddable":true,"href":"https:\/\/riograndezac.gob.mx\/informatica\/index.php?rest_route=%2Fwp%2Fv2%2Ftags&post=4164"}],"curies":[{"name":"wp","href":"https:\/\/api.w.org\/{rel}","templated":true}]}}