{"id":418,"date":"2015-06-19T19:01:03","date_gmt":"2015-06-19T19:01:03","guid":{"rendered":"http:\/\/riograndezac.gob.mx\/informatica\/?p=418"},"modified":"2015-06-19T19:01:03","modified_gmt":"2015-06-19T19:01:03","slug":"diplomado-de-danza","status":"publish","type":"post","link":"https:\/\/riograndezac.gob.mx\/informatica\/?p=418","title":{"rendered":"Diplomado de Danza"},"content":{"rendered":"<p style=\"text-align: center;\"><div id=\"metaslider-id-417\" style=\"max-width: 500px;\" class=\"ml-slider-3-103-0 metaslider metaslider-nivo metaslider-417 ml-slider has-dots-nav ms-theme-default\" role=\"region\" aria-label=\"diplomado danza\" data-height=\"300\" data-width=\"500\">\n    <div id=\"metaslider_container_417\">\n        <div class='slider-wrapper theme-default'><div class='ribbon'><\/div><div id='metaslider_417' class='nivoSlider'><img loading=\"lazy\" decoding=\"async\" src=\"https:\/\/riograndezac.gob.mx\/informatica\/wp-content\/uploads\/2015\/06\/DANZA3.jpg\" height=\"300\" width=\"500\" alt=\"\" class=\"slider-417 slide-415 msDefaultImage\" \/><img loading=\"lazy\" decoding=\"async\" src=\"https:\/\/riograndezac.gob.mx\/informatica\/wp-content\/uploads\/2015\/06\/DANZA1.jpg\" height=\"300\" width=\"500\" alt=\"\" class=\"slider-417 slide-413 msDefaultImage\" \/><img loading=\"lazy\" decoding=\"async\" src=\"https:\/\/riograndezac.gob.mx\/informatica\/wp-content\/uploads\/2015\/06\/DANZA2.jpg\" height=\"300\" width=\"500\" alt=\"\" class=\"slider-417 slide-414 msDefaultImage\" \/><img loading=\"lazy\" decoding=\"async\" src=\"https:\/\/riograndezac.gob.mx\/informatica\/wp-content\/uploads\/2015\/06\/DANZA5.jpg\" height=\"300\" width=\"500\" alt=\"\" class=\"slider-417 slide-416 msDefaultImage\" \/><\/div><\/div>\n        \n    <\/div>\n<\/div><\/p>\n<p>Como invitada de honor, Martha Patricia Molina de Casta\u00f1eda, presidenta del Sistema Municipal para el Desarrollo Integral de la Familia (SMDIF), clausur\u00f3 el primer diplomado de danza llevado a cabo en R\u00edo Grande.<\/p>\n<p>&nbsp;<\/p>\n<p>Lu\u00eds Alejandro Ch\u00e1vez, maestro de danza de la escuela primaria Francisco Garc\u00eda Salinas, fue el encargado de realizar las gestiones para que el Instituto Superior de\u00a0 Educaci\u00f3n Art\u00edstica \u201cCalmecac\u201d del municipio vecino de Jerez,\u00a0 impartiera este diplomado para 33 maestros de R\u00edo Grande y a su vez, que los docentes d\u00eda a d\u00eda mejoren sus clases frente a grupo con este tipo de actualizaciones.<\/p>\n<p>&nbsp;<\/p>\n<p>De esta manera, la primera dama riograndense, hizo la entrega de los diplomas a cada uno de los Docentes y les extern\u00f3 que \u201cse nota la destreza y coordinaci\u00f3n que tienen, pero sobre todo el empe\u00f1o que ponen para dar a los alumnos de educaci\u00f3n b\u00e1sica, las bases para que puedan ellos continuar con su preparaci\u00f3n, motivados en el \u00e1nimo de mejorar\u201d.<\/p>\n<p>&nbsp;<\/p>\n<p>Durante el evento de clausura en la plaza principal, Martha Patricia Molina, acompa\u00f1ada de las maestras Celia Garc\u00eda Medina y Concepci\u00f3n Esquivel, integrantes del grupo de danza de jubilados y pensionados, disfrut\u00f3 del programa que incluy\u00f3 desde coreograf\u00edas de calentamiento, hasta distintas estampas de Yucat\u00e1n, Zacatecas, bailes de sal\u00f3n como el cha cha ch\u00e1, entre otros.<\/p>\n<p>&nbsp;<\/p>\n<p>En medio de aplausos, las y los maestros de distintas instituciones educativas de R\u00edo Grande, hicieron la presentaci\u00f3n del conocimiento que adquirieron desde el pasado mes de octubre y hasta hace unos d\u00edas, con el que se certifican para continuar impartiendo clase en educaci\u00f3n b\u00e1sica de la mejor calidad.<\/p>\n<p>&nbsp;<\/p>\n<p>Molina de Casta\u00f1eda, concluy\u00f3 felicitando a Luis Alejandro Ch\u00e1vez, por promover este tipo de actividades, as\u00ed como por dar lo mejor de s\u00ed para lograr un R\u00edo Grande mejor, transmitiendo sus conocimientos de danza a las y los maestros.<\/p>\n","protected":false},"excerpt":{"rendered":"<p>De esta manera, la primera dama riograndense, hizo la entrega de los diplomas a cada uno de los Docentes  &#8230;<\/p>\n","protected":false},"author":1,"featured_media":0,"comment_status":"closed","ping_status":"closed","sticky":false,"template":"","format":"standard","meta":{"_monsterinsights_skip_tracking":false,"_monsterinsights_sitenote_active":false,"_monsterinsights_sitenote_note":"","_monsterinsights_sitenote_category":0,"footnotes":""},"categories":[7,9,8],"tags":[12],"class_list":["post-418","post","type-post","status-publish","format-standard","hentry","category-comunicacion-social","category-dif-rio-grande","category-gobierno-municipal-rio-grande-zacatecas","tag-comunicacion-social"],"jetpack_featured_media_url":"","_links":{"self":[{"href":"https:\/\/riograndezac.gob.mx\/informatica\/index.php?rest_route=\/wp\/v2\/posts\/418","targetHints":{"allow":["GET"]}}],"collection":[{"href":"https:\/\/riograndezac.gob.mx\/informatica\/index.php?rest_route=\/wp\/v2\/posts"}],"about":[{"href":"https:\/\/riograndezac.gob.mx\/informatica\/index.php?rest_route=\/wp\/v2\/types\/post"}],"author":[{"embeddable":true,"href":"https:\/\/riograndezac.gob.mx\/informatica\/index.php?rest_route=\/wp\/v2\/users\/1"}],"replies":[{"embeddable":true,"href":"https:\/\/riograndezac.gob.mx\/informatica\/index.php?rest_route=%2Fwp%2Fv2%2Fcomments&post=418"}],"version-history":[{"count":2,"href":"https:\/\/riograndezac.gob.mx\/informatica\/index.php?rest_route=\/wp\/v2\/posts\/418\/revisions"}],"predecessor-version":[{"id":420,"href":"https:\/\/riograndezac.gob.mx\/informatica\/index.php?rest_route=\/wp\/v2\/posts\/418\/revisions\/420"}],"wp:attachment":[{"href":"https:\/\/riograndezac.gob.mx\/informatica\/index.php?rest_route=%2Fwp%2Fv2%2Fmedia&parent=418"}],"wp:term":[{"taxonomy":"category","embeddable":true,"href":"https:\/\/riograndezac.gob.mx\/informatica\/index.php?rest_route=%2Fwp%2Fv2%2Fcategories&post=418"},{"taxonomy":"post_tag","embeddable":true,"href":"https:\/\/riograndezac.gob.mx\/informatica\/index.php?rest_route=%2Fwp%2Fv2%2Ftags&post=418"}],"curies":[{"name":"wp","href":"https:\/\/api.w.org\/{rel}","templated":true}]}}