{"id":4187,"date":"2017-02-21T10:41:41","date_gmt":"2017-02-21T16:41:41","guid":{"rendered":"http:\/\/riograndezac.gob.mx\/informatica\/?p=4187"},"modified":"2017-02-21T10:41:41","modified_gmt":"2017-02-21T16:41:41","slug":"efrain-avila-arellano-un-amigo-que-me-impulso-para-entrar-en-este-camino-y-salir-adelante-en-este-esfuerzo-por-sacar-adelante-a-nuestro-municipio","status":"publish","type":"post","link":"https:\/\/riograndezac.gob.mx\/informatica\/?p=4187","title":{"rendered":"Efra\u00edn \u00c1vila Arellano, un amigo que me impulso para entrar en este camino y salir adelante en este esfuerzo por sacar adelante a nuestro municipio"},"content":{"rendered":"<p>\u201cEfra\u00edn \u00c1vila Arellano, un amigo que me impulso para entrar en este camino y salir adelante en este esfuerzo por sacar adelante a nuestro municipio, tenemos un equipo para hacer las cosas diferentes\u201d menciono el alcalde Julio Cesar Ram\u00edrez L\u00f3pez luego de acudir al Centro de Bachillerato Tecnol\u00f3gico Agropecuario No. 20 a encabezar como cada lunes los honores a la bandera nacional.<\/p>\n<p>&nbsp;<\/p>\n<p>Agreg\u00f3 que \u201cNo hemos sabido de pol\u00edticos o figuras publicas que al partir de este muncho se lleven su fortuna, pero si sabemos de quienes se llevan el cari\u00f1o y el respeto de la gente, de nada sirve hacer bienes materiales si no luchamos por conseguir el cari\u00f1o de los dem\u00e1s, hoy por hoy , esta administraci\u00f3n que me honro en encabezar sabidos est\u00e1n que no venimos por dinero, venimos para hacer de R\u00edo Grande un municipio diferente\u201d<\/p>\n<p>&nbsp;<\/p>\n<p>\u201cNuestro plan de desarrollo se basa en la austeridad, la honradez y la eficacia, hoy tenemos la oportunidad de hacer bien nuestro trabajo, reconocer y quedarnos con el legado de nuestro amigo Efra\u00edn, de compa\u00f1erismo, trabajo y honradez pero sobre todo de orden, por ello exhorto a los alumnos para que sean grandes seres humanos, destacados profesionistas y buenos pol\u00edticos, la matricula mas grande en el estado de mas de mil 500 alumnos, son mil 500 lideres para R\u00edo Grande\u201d<\/p>\n<p>&nbsp;<\/p>\n<p>\u201cTenemos en o Grande una instituci\u00f3n que tiene mucho que dar a la comunidad, es por ello que queremos externar un reconocimiento y un merecido homenaje p\u00f3stumo a nuestro compa\u00f1ero Efra\u00edn \u00c1vila Arellano quien fuera director de este centro educativo por mas de 12 a\u00f1os\u201d mencion\u00f3 el director del Centro de Bachillerato Tecnol\u00f3gico Agropecuario No. 20 Anselmo Rodr\u00edguez Res\u00e9ndiz.<\/p>\n<p>&nbsp;<\/p>\n<p>\u201cConocido y admirado por los diferentes trabajos que tuvo a bien realizar en beneficio de la educaci\u00f3n de R\u00edo Grande en especifico al nivel medio superior, otra de las actividades y dinamismo gracias a su capacidad gestora hoy podemos disfrutar de algunas obras en infraestructura y equipamiento en esta escuela y con ello se logr\u00f3 poner en alto el nombre de la instituci\u00f3n as\u00ed como del municipio\u201d se\u00f1alo el director.<\/p>\n<p>&nbsp;<\/p>\n<p>\u201cContamos con el segundo plantel mas grande del pa\u00eds, y el mayor en el estado en su ramo, decirles que Efra\u00edn \u00c1vila Arellano fue director del CBTa 167 de Valpara\u00edso, en el CBTa 189 en Nieves y posteriormente en este CBTa 20 de R\u00edo Grande, finalmente fue reconocido por autoridades de la DEGTA para nombrarlo coordinador estatal de la subdirecci\u00f3n de enlace operativo en el Estado\u201d finalmente los alumnos, administrativos y cuerpo docente as\u00ed como funcionarios y regidores del R. Ayuntamiento dedicaron un minuto de aplausos en memoria de Efra\u00edn \u00c1vila Arellano.<\/p>\n","protected":false},"excerpt":{"rendered":"<p>Honores a la bandera en el CBTa 20<\/p>\n","protected":false},"author":1,"featured_media":4188,"comment_status":"open","ping_status":"closed","sticky":false,"template":"","format":"standard","meta":{"_monsterinsights_skip_tracking":false,"_monsterinsights_sitenote_active":false,"_monsterinsights_sitenote_note":"","_monsterinsights_sitenote_category":0,"footnotes":""},"categories":[5],"tags":[12,18],"class_list":["post-4187","post","type-post","status-publish","format-standard","has-post-thumbnail","hentry","category-destacados","tag-comunicacion-social","tag-gobierno-municipal-rio-grande"],"jetpack_featured_media_url":"https:\/\/riograndezac.gob.mx\/informatica\/wp-content\/uploads\/2017\/02\/Captura-de-pantalla-2017-02-20-a-las-15.09.57.png","_links":{"self":[{"href":"https:\/\/riograndezac.gob.mx\/informatica\/index.php?rest_route=\/wp\/v2\/posts\/4187","targetHints":{"allow":["GET"]}}],"collection":[{"href":"https:\/\/riograndezac.gob.mx\/informatica\/index.php?rest_route=\/wp\/v2\/posts"}],"about":[{"href":"https:\/\/riograndezac.gob.mx\/informatica\/index.php?rest_route=\/wp\/v2\/types\/post"}],"author":[{"embeddable":true,"href":"https:\/\/riograndezac.gob.mx\/informatica\/index.php?rest_route=\/wp\/v2\/users\/1"}],"replies":[{"embeddable":true,"href":"https:\/\/riograndezac.gob.mx\/informatica\/index.php?rest_route=%2Fwp%2Fv2%2Fcomments&post=4187"}],"version-history":[{"count":1,"href":"https:\/\/riograndezac.gob.mx\/informatica\/index.php?rest_route=\/wp\/v2\/posts\/4187\/revisions"}],"predecessor-version":[{"id":4189,"href":"https:\/\/riograndezac.gob.mx\/informatica\/index.php?rest_route=\/wp\/v2\/posts\/4187\/revisions\/4189"}],"wp:featuredmedia":[{"embeddable":true,"href":"https:\/\/riograndezac.gob.mx\/informatica\/index.php?rest_route=\/wp\/v2\/media\/4188"}],"wp:attachment":[{"href":"https:\/\/riograndezac.gob.mx\/informatica\/index.php?rest_route=%2Fwp%2Fv2%2Fmedia&parent=4187"}],"wp:term":[{"taxonomy":"category","embeddable":true,"href":"https:\/\/riograndezac.gob.mx\/informatica\/index.php?rest_route=%2Fwp%2Fv2%2Fcategories&post=4187"},{"taxonomy":"post_tag","embeddable":true,"href":"https:\/\/riograndezac.gob.mx\/informatica\/index.php?rest_route=%2Fwp%2Fv2%2Ftags&post=4187"}],"curies":[{"name":"wp","href":"https:\/\/api.w.org\/{rel}","templated":true}]}}