{"id":4218,"date":"2017-02-23T15:00:54","date_gmt":"2017-02-23T21:00:54","guid":{"rendered":"http:\/\/riograndezac.gob.mx\/informatica\/?p=4218"},"modified":"2017-02-23T15:00:54","modified_gmt":"2017-02-23T21:00:54","slug":"honores-a-la-bandera-con-la-participacion-de-instituciones-educativas-del-nivel-preescolar","status":"publish","type":"post","link":"https:\/\/riograndezac.gob.mx\/informatica\/?p=4218","title":{"rendered":"honores a la bandera con la participaci\u00f3n de instituciones educativas del nivel preescolar"},"content":{"rendered":"<p>El gobierno municipal de R\u00edo Grande encabezado por Julio Cesar Ram\u00edrez L\u00f3pez y en coordinaci\u00f3n con el comit\u00e9 organizador de eventos c\u00edvicos, encabezaron lo honores a la bandera\u00a0con la participaci\u00f3n de instituciones educativas del nivel preescolar.<\/p>\n<p>&nbsp;<\/p>\n<p>En representaci\u00f3n del alcalde de la ciudad el secretario general del R. Ayuntamiento Sergio Garc\u00eda Casta\u00f1eda coment\u00f3 que \u201ces importante continuar con este tipo de eventos c\u00edvico culturales y que mejor que desde a temprana edad se tiene el compromiso de inculcar los valores de la patria en estas nuevas generaciones, adem\u00e1s de conmemorar as\u00ed los 195 a\u00f1os de la g\u00e9nesis de nuestra bandera nacional\u201d<\/p>\n<p>&nbsp;<\/p>\n<p>\u201cDecirles que desde el a\u00f1o de 1810 han sido diferentes tipos de vadera, la primera de ellas elaborada por el cura Miguel Hidalgo en la cual viene la esfinge de la virgen de Guadalupe y la frase \u201cViva el Rey Fernando VII\u201d, en seguida vemos una vadera que conserva algunos rasgos de la constituci\u00f3n de C\u00e1diz, en 1836 ya enton\u00e1ramos una rep\u00fablica centralista, hasta 1857 se instaura la republica de tipo liberal que fue encabezada por Benito Ju\u00e1rez\u201d se\u00f1al\u00f3.<\/p>\n<p>&nbsp;<\/p>\n<p>\u201cMencionar pues la importancia de esta cultura c\u00edvica que se le inculca a los ni\u00f1os de nivel preescolar, es de trascendencia pues a esta edad se comienza con el amor a los s\u00edmbolos que nos dieron patria, el pasado 5 de febrero se conmemoraron los primeros 100 a\u00f1os de la Constituci\u00f3n Pol\u00edtica de los Estados \u00danicos Mexicanos promulgada en la ciudad de Quer\u00e9taro, es por ello que es un honor para este Republicano Ayuntamiento que a lo largo de este a\u00f1o vamos a recordar este centenario\u201d finaliz\u00f3 el secretario del ayuntamiento.<\/p>\n<p>&nbsp;<\/p>\n<p>Participaron tambi\u00e9n las y los funcionarios del ayuntamiento como la titular de la Oficial\u00eda Mayor Yolanda Haro Ch\u00e1vez, el Contralor Municipal Eduardo Salas Rojas, Pedro Juanes Conde director de Desarrollo Econ\u00f3mico\u00a0 y Social y al regidora Ma. Mara Esparza Castillo, y las instituciones de nivel preescolar que participaron fueron el Genaro Codina de la colonia Infonavit, Gabriela Mistral de colonia Buenos Aires, Juventino Rosas de la colonia Vista Hermosa, el CENDI No 2, Ni\u00f1os H\u00e9roes de la colonia Adolfo L\u00f3pez Mateos, Tenamaxtle de la Colonia la Cuesta, el jard\u00edn de ni\u00f1os Coyoxauhqui de la Ca\u00f1ada, Rosario Castellanos del centro, Francisco I. Madero de la colonia Halcones, el jard\u00edn de ni\u00f1os Eva S\u00e1mano de L\u00f3pez Mateos del centro y el Colegio R\u00edo Grande quienes al finalizar el evento realizaron un desfile por las principales calles de la cabecera.<\/p>\n<p>&nbsp;<\/p>\n<p>&nbsp;<\/p>\n","protected":false},"excerpt":{"rendered":"<p>El gobierno municipal de R\u00edo Grande encabezado por Julio Cesar Ram\u00edrez L\u00f3pez y en coordinaci\u00f3n con el comit\u00e9 organizador de eventos c\u00edvicos, encabezaron lo honores a la bandera con la participaci\u00f3n de instituciones educativas del nivel preescolar.<\/p>\n","protected":false},"author":1,"featured_media":4219,"comment_status":"open","ping_status":"closed","sticky":false,"template":"","format":"standard","meta":{"_monsterinsights_skip_tracking":false,"_monsterinsights_sitenote_active":false,"_monsterinsights_sitenote_note":"","_monsterinsights_sitenote_category":0,"footnotes":""},"categories":[5],"tags":[12,18],"class_list":["post-4218","post","type-post","status-publish","format-standard","has-post-thumbnail","hentry","category-destacados","tag-comunicacion-social","tag-gobierno-municipal-rio-grande"],"jetpack_featured_media_url":"https:\/\/riograndezac.gob.mx\/informatica\/wp-content\/uploads\/2017\/02\/IMG_3057.jpg","_links":{"self":[{"href":"https:\/\/riograndezac.gob.mx\/informatica\/index.php?rest_route=\/wp\/v2\/posts\/4218","targetHints":{"allow":["GET"]}}],"collection":[{"href":"https:\/\/riograndezac.gob.mx\/informatica\/index.php?rest_route=\/wp\/v2\/posts"}],"about":[{"href":"https:\/\/riograndezac.gob.mx\/informatica\/index.php?rest_route=\/wp\/v2\/types\/post"}],"author":[{"embeddable":true,"href":"https:\/\/riograndezac.gob.mx\/informatica\/index.php?rest_route=\/wp\/v2\/users\/1"}],"replies":[{"embeddable":true,"href":"https:\/\/riograndezac.gob.mx\/informatica\/index.php?rest_route=%2Fwp%2Fv2%2Fcomments&post=4218"}],"version-history":[{"count":1,"href":"https:\/\/riograndezac.gob.mx\/informatica\/index.php?rest_route=\/wp\/v2\/posts\/4218\/revisions"}],"predecessor-version":[{"id":4220,"href":"https:\/\/riograndezac.gob.mx\/informatica\/index.php?rest_route=\/wp\/v2\/posts\/4218\/revisions\/4220"}],"wp:featuredmedia":[{"embeddable":true,"href":"https:\/\/riograndezac.gob.mx\/informatica\/index.php?rest_route=\/wp\/v2\/media\/4219"}],"wp:attachment":[{"href":"https:\/\/riograndezac.gob.mx\/informatica\/index.php?rest_route=%2Fwp%2Fv2%2Fmedia&parent=4218"}],"wp:term":[{"taxonomy":"category","embeddable":true,"href":"https:\/\/riograndezac.gob.mx\/informatica\/index.php?rest_route=%2Fwp%2Fv2%2Fcategories&post=4218"},{"taxonomy":"post_tag","embeddable":true,"href":"https:\/\/riograndezac.gob.mx\/informatica\/index.php?rest_route=%2Fwp%2Fv2%2Ftags&post=4218"}],"curies":[{"name":"wp","href":"https:\/\/api.w.org\/{rel}","templated":true}]}}