{"id":4230,"date":"2017-03-15T09:42:28","date_gmt":"2017-03-15T15:42:28","guid":{"rendered":"http:\/\/riograndezac.gob.mx\/informatica\/?p=4230"},"modified":"2017-03-15T09:42:28","modified_gmt":"2017-03-15T15:42:28","slug":"dif-en-tu-comunidad","status":"publish","type":"post","link":"https:\/\/riograndezac.gob.mx\/informatica\/?p=4230","title":{"rendered":"DIF en tu comunidad"},"content":{"rendered":"<p>Como parte de las acciones realizadas por el gobierno municipal de R\u00edo Grande encabezado por Julio Cesar Ram\u00edrez L\u00f3pez a trav\u00e9s del Sistema Municipal DIF al frente de Claudia Narayma Ram\u00edrez Longoria, llevaron a cabo el programa DIF en tu comunidad.<\/p>\n<p>&nbsp;<\/p>\n<p>\u201cEsta actividad es con la finalidad de tener un acercamiento con la ciudadan\u00eda de las comunidades, elegimos la comunidad de Las Piedras por estar situada en una parte media entre las comunidades de La Rastrera, Pastelera, Mancillas, Las Piedras y San Lorenzo, con la intenci\u00f3n de llevar los servicios de atenci\u00f3n ciudadana que se brindan en el DIF municipal, pues vemos como para algunas personas se les dificulta trasladarse hasta la cabecera\u201d detall\u00f3 la presidenta honorifica del SMDIF.<\/p>\n<p>&nbsp;<\/p>\n<p>\u201cB\u00e1sicamente nos trajimos todo el equipo que se encarga de atender a la ciudadan\u00eda en las diferentes \u00e1reas como la jur\u00eddica, alimentaria, medica, trabajo social, psicolog\u00eda, INAPAM, de atenci\u00f3n a personas con discapacidad y muchos mas que son de manera totalmente gratuita, adem\u00e1s de que de acuerdo al padr\u00f3n realizaremos la entrega de algunos aparatos funcionales como andadores, muletas y bastones as\u00ed como pa\u00f1ales para adultos\u201d<\/p>\n<p>&nbsp;<\/p>\n<p>\u201cVienen mejores condiciones para esta comunidad y las pr\u00f3ximas, pues en d\u00edas pasados acudimos a una reuni\u00f3n para tocar el tema sobre la construcci\u00f3n de una carretera, hoy estamos con el equipo del DIF que en verdad es importante el trabajo que realizan, decirles que tienen ustedes un presidente de cercano a sus necesidades y a sus inquietudes, sabemos que hay mucho por hacer pero nuevamente quiero exhortarlos a la unidad, pues la importancia de esta administraci\u00f3n es atender y escuchar a la poblaci\u00f3n\u201d detallo el alcalde Julio Cesar Ram\u00edrez L\u00f3pez.<\/p>\n<p>&nbsp;<\/p>\n<p>\u201cEsta actividad, lejos de ser un trabajo es para demostrar que queremos trabajar de manera diferente, es la primera vez que el DIF sale para estar al mismo nivel que la ciudadan\u00eda pues somos servidores p\u00fablicos y ciudadanos igual que ustedes, queremos que a R\u00edo Grande le valla bien pues venimos a servir y apoyar, es momento de ver hacia delante y luchar juntos por un futuro mejor\u201d finaliz\u00f3.<\/p>\n","protected":false},"excerpt":{"rendered":"<p>Como parte de las acciones realizadas por el gobierno municipal de R\u00edo Grande encabezado por Julio Cesar Ram\u00edrez L\u00f3pez a trav\u00e9s del Sistema Municipal DIF al frente de Claudia Narayma Ram\u00edrez Longoria, llevaron a cabo el programa DIF en tu comunidad.<\/p>\n","protected":false},"author":1,"featured_media":4231,"comment_status":"open","ping_status":"closed","sticky":false,"template":"","format":"standard","meta":{"_monsterinsights_skip_tracking":false,"_monsterinsights_sitenote_active":false,"_monsterinsights_sitenote_note":"","_monsterinsights_sitenote_category":0,"footnotes":""},"categories":[4],"tags":[12,16],"class_list":["post-4230","post","type-post","status-publish","format-standard","has-post-thumbnail","hentry","category-boletines","tag-comunicacion-social","tag-dif"],"jetpack_featured_media_url":"https:\/\/riograndezac.gob.mx\/informatica\/wp-content\/uploads\/2017\/03\/17230387_1555660557796501_350188468_o.jpg","_links":{"self":[{"href":"https:\/\/riograndezac.gob.mx\/informatica\/index.php?rest_route=\/wp\/v2\/posts\/4230","targetHints":{"allow":["GET"]}}],"collection":[{"href":"https:\/\/riograndezac.gob.mx\/informatica\/index.php?rest_route=\/wp\/v2\/posts"}],"about":[{"href":"https:\/\/riograndezac.gob.mx\/informatica\/index.php?rest_route=\/wp\/v2\/types\/post"}],"author":[{"embeddable":true,"href":"https:\/\/riograndezac.gob.mx\/informatica\/index.php?rest_route=\/wp\/v2\/users\/1"}],"replies":[{"embeddable":true,"href":"https:\/\/riograndezac.gob.mx\/informatica\/index.php?rest_route=%2Fwp%2Fv2%2Fcomments&post=4230"}],"version-history":[{"count":1,"href":"https:\/\/riograndezac.gob.mx\/informatica\/index.php?rest_route=\/wp\/v2\/posts\/4230\/revisions"}],"predecessor-version":[{"id":4232,"href":"https:\/\/riograndezac.gob.mx\/informatica\/index.php?rest_route=\/wp\/v2\/posts\/4230\/revisions\/4232"}],"wp:featuredmedia":[{"embeddable":true,"href":"https:\/\/riograndezac.gob.mx\/informatica\/index.php?rest_route=\/wp\/v2\/media\/4231"}],"wp:attachment":[{"href":"https:\/\/riograndezac.gob.mx\/informatica\/index.php?rest_route=%2Fwp%2Fv2%2Fmedia&parent=4230"}],"wp:term":[{"taxonomy":"category","embeddable":true,"href":"https:\/\/riograndezac.gob.mx\/informatica\/index.php?rest_route=%2Fwp%2Fv2%2Fcategories&post=4230"},{"taxonomy":"post_tag","embeddable":true,"href":"https:\/\/riograndezac.gob.mx\/informatica\/index.php?rest_route=%2Fwp%2Fv2%2Ftags&post=4230"}],"curies":[{"name":"wp","href":"https:\/\/api.w.org\/{rel}","templated":true}]}}