{"id":4250,"date":"2017-03-22T12:19:25","date_gmt":"2017-03-22T18:19:25","guid":{"rendered":"http:\/\/riograndezac.gob.mx\/informatica\/?p=4250"},"modified":"2017-03-22T12:19:25","modified_gmt":"2017-03-22T18:19:25","slug":"guardia-en-el-monumento-de-benito-juarez","status":"publish","type":"post","link":"https:\/\/riograndezac.gob.mx\/informatica\/?p=4250","title":{"rendered":"Guardia en el Monumento de Benito Ju\u00e1rez"},"content":{"rendered":"<p>\u201cSon ya mas de 200 a\u00f1os cuando en M\u00e9xico naci\u00f3 el benem\u00e9rito de las am\u00e9ricas, Benito Ju\u00e1rez, distinguido personaje que ha dejado marcada la historia de nuestro pa\u00eds, con una de sus frases celebres entre los individuos como en las naciones sobre el respeto al derecho ajeno es la paz\u201d detallo el alcalde Julio Cesar Ram\u00edrez L\u00f3pez la ma\u00f1ana de este 21 de marzo en el monumento a Benito Ju\u00e1rez donde adem\u00e1s de ser acompa\u00f1ado pro integrantes de la administraci\u00f3n montaron guardias de honor.<\/p>\n<p>&nbsp;<\/p>\n<p>\u201cEl legado que nos ha dejado Benito Ju\u00e1rez, hoy que se conmemora el 211 aniversario de su natalicio en San Pablo Guelatao Oaxaca es el de trabajar con un sentimiento profundo por la naci\u00f3n, de origen zapoteca lleg\u00f3 a ser un prominente abogado y pol\u00edtico liberal que se caracteriz\u00f3 por su preocupaci\u00f3n constante por la realidad social que viv\u00eda M\u00e9xico y, en particular, la que viv\u00edan los campesinos\u201d<\/p>\n<p>&nbsp;<\/p>\n<p>\u201cHoy en d\u00eda, no menos importante debemos continuar con este legado para lograr ser mejores ciudadanos, preocuparnos por la problem\u00e1tica que en la actualidad acontece, hacer pol\u00edtica de altura y constructiva para lograr acuerdos que sean de beneficio para la sociedad, es por ello que hoy los exhorto a conducirse con responsabilidad en las tareas encomendadas al frente de la administraci\u00f3n, se\u00f1alar la importancia y honrar la memoria de personajes de trascendencia que hoy son iconos referentes en la historia de nuestro pa\u00eds\u201d<\/p>\n<p>&nbsp;<\/p>\n<p>Durante el evento de guardias se conto con la asistencia de funcionarias y funcionarios de la administraci\u00f3n como el secretario general Sergio Garc\u00eda Casta\u00f1eda, el secretario particular V\u00edctor Espinoza, de SUTSEMOP Braulio Esquivel Cuevas, el titular del \u00e1rea de planeaci\u00f3n y finanzas Jorge D\u00edaz Gonz\u00e1lez, la encargada de la oficial\u00eda mayor Yolanda Haro Ch\u00e1vez, as\u00ed como el personal de la delegaci\u00f3n de transito y protecci\u00f3n civil y bomberos, quienes acompa\u00f1aron al alcalde Julio Cesar Ram\u00edrez L\u00f3pez a la colocaci\u00f3n de una ofrenda floral ante el monumento.<\/p>\n","protected":false},"excerpt":{"rendered":"<p>Durante el evento de guardias se conto con la asistencia de funcionarias y funcionarios de la administraci\u00f3n como el secretario general Sergio Garc\u00eda Casta\u00f1eda, el secretario particular V\u00edctor Espinoza, de SUTSEMOP Braulio Esquivel Cuevas &#8230;.<\/p>\n","protected":false},"author":1,"featured_media":4251,"comment_status":"open","ping_status":"closed","sticky":false,"template":"","format":"standard","meta":{"_monsterinsights_skip_tracking":false,"_monsterinsights_sitenote_active":false,"_monsterinsights_sitenote_note":"","_monsterinsights_sitenote_category":0,"footnotes":""},"categories":[5],"tags":[12,18],"class_list":["post-4250","post","type-post","status-publish","format-standard","has-post-thumbnail","hentry","category-destacados","tag-comunicacion-social","tag-gobierno-municipal-rio-grande"],"jetpack_featured_media_url":"https:\/\/riograndezac.gob.mx\/informatica\/wp-content\/uploads\/2017\/03\/GUARDIAS-EN-EL-MONUMENTO-.jpg","_links":{"self":[{"href":"https:\/\/riograndezac.gob.mx\/informatica\/index.php?rest_route=\/wp\/v2\/posts\/4250","targetHints":{"allow":["GET"]}}],"collection":[{"href":"https:\/\/riograndezac.gob.mx\/informatica\/index.php?rest_route=\/wp\/v2\/posts"}],"about":[{"href":"https:\/\/riograndezac.gob.mx\/informatica\/index.php?rest_route=\/wp\/v2\/types\/post"}],"author":[{"embeddable":true,"href":"https:\/\/riograndezac.gob.mx\/informatica\/index.php?rest_route=\/wp\/v2\/users\/1"}],"replies":[{"embeddable":true,"href":"https:\/\/riograndezac.gob.mx\/informatica\/index.php?rest_route=%2Fwp%2Fv2%2Fcomments&post=4250"}],"version-history":[{"count":1,"href":"https:\/\/riograndezac.gob.mx\/informatica\/index.php?rest_route=\/wp\/v2\/posts\/4250\/revisions"}],"predecessor-version":[{"id":4252,"href":"https:\/\/riograndezac.gob.mx\/informatica\/index.php?rest_route=\/wp\/v2\/posts\/4250\/revisions\/4252"}],"wp:featuredmedia":[{"embeddable":true,"href":"https:\/\/riograndezac.gob.mx\/informatica\/index.php?rest_route=\/wp\/v2\/media\/4251"}],"wp:attachment":[{"href":"https:\/\/riograndezac.gob.mx\/informatica\/index.php?rest_route=%2Fwp%2Fv2%2Fmedia&parent=4250"}],"wp:term":[{"taxonomy":"category","embeddable":true,"href":"https:\/\/riograndezac.gob.mx\/informatica\/index.php?rest_route=%2Fwp%2Fv2%2Fcategories&post=4250"},{"taxonomy":"post_tag","embeddable":true,"href":"https:\/\/riograndezac.gob.mx\/informatica\/index.php?rest_route=%2Fwp%2Fv2%2Ftags&post=4250"}],"curies":[{"name":"wp","href":"https:\/\/api.w.org\/{rel}","templated":true}]}}