{"id":444,"date":"2015-06-20T19:58:57","date_gmt":"2015-06-20T19:58:57","guid":{"rendered":"http:\/\/riograndezac.gob.mx\/informatica\/?p=444"},"modified":"2015-06-20T19:58:57","modified_gmt":"2015-06-20T19:58:57","slug":"reconocen-autoridades-municipales-y-educativas-a-9-maestros-que-concluyeron-su-carrera-frente-a-grupo","status":"publish","type":"post","link":"https:\/\/riograndezac.gob.mx\/informatica\/?p=444","title":{"rendered":"Reconocen autoridades municipales y educativas a 9 maestros que concluyeron su carrera frente a grupo."},"content":{"rendered":"<p><img loading=\"lazy\" decoding=\"async\" id=\"__wp-temp-img-id\" class=\" aligncenter\" title=\"\" src=\"https:\/\/riograndezac.gob.mx\/informatica\/wp-content\/uploads\/2015\/06\/Jubilados-2-copia.jpg\" alt=\"\" width=\"700\" height=\"466\" \/><\/p>\n<p>&nbsp;<\/p>\n<p>&nbsp;<\/p>\n<p>Ana Marianela Hern\u00e1ndez Pe\u00f1a, s\u00edndico municipal, en representaci\u00f3n del alcalde de R\u00edo Grande, Constantino Casta\u00f1eda Mu\u00f1oz, acudi\u00f3 a este evento organizado por los representantes de la Delegaci\u00f3n Sindical D-I-26 de la Secci\u00f3n 34 del Sindicato Nacional de Trabajadores de la Educaci\u00f3n (SNTE), para reconocer el trabajo de estos 9 docentes.<\/p>\n<p>&nbsp;<\/p>\n<p>De esta manera, en un ambiente emotivo, con la participaci\u00f3n de maestras y maestros del Sindicato de todo el municipio, se hizo la entrega de los reconocimientos para Adelia Mart\u00ednez, Eloina Arredondo Herrada, Mar\u00eda Mayela de Jes\u00fas Camacho \u00c1brego, Francisca Mart\u00ednez Garc\u00eda, Mar\u00eda de los \u00c1ngeles Gonz\u00e1lez Jim\u00e9nez, Mar\u00eda Oralia Santana Solano, Patricia Gonz\u00e1lez Zamora y Normando Ayala Ordaz.<\/p>\n<p>&nbsp;<\/p>\n<p>Durante este evento, se presentaron distintas actividades culturales a cargo de las instituciones educativas de las que proven\u00edan los maestros jubilados, por lo que fue disfrutada por las y los asistentes, entre los que se destacaba la presencia de las familias de los 9 docentes festejados.<\/p>\n<p>&nbsp;<\/p>\n<p>Hern\u00e1ndez Pe\u00f1a, en su mensaje, se\u00f1al\u00f3 que \u201ces un gesto noble que realizan las autoridades sindicales y educativas, que al finalizar el curso 2014-2015, se haga este tipo de actos, por lo que nosotros como Ayuntamiento queremos reconocer y agradecer la notable labor de formaci\u00f3n de las j\u00f3venes generaciones\u201d.<\/p>\n<p>&nbsp;<\/p>\n<p>\u201cEs un reconocimiento p\u00fablico a su encomiable tarea, la cual ha permitido el desarrollo de las capacidades intelectuales y los valores c\u00edvicos de los j\u00f3venes para construir una sociedad justa y de futuro, sigan adelante, y desde donde se encuentren de ahora en adelante, sigan aportando a este pueblo que tanto les agradece\u201d extern\u00f3 Hern\u00e1ndez Pe\u00f1a.<\/p>\n<p>&nbsp;<\/p>\n<p>En este evento, estuvieron tambi\u00e9n, Juan de Dios Landeros Alvarado, jefe de Regi\u00f3n 05, Leobardo Moreno jefe de sector, la representante personal de Omar Pereyra secretario general del SNTE Luz Mar\u00eda Botello Casta\u00f1eda, el coordinador sindical Francisco de Lara, de la delegaci\u00f3n sindical DI-26 Manuel Garc\u00eda y de recursos materiales Jes\u00fas Su\u00e1rez, entre otros.<\/p>\n","protected":false},"excerpt":{"rendered":"<p>Es un reconocimiento p\u00fablico a su encomiable tarea, la cual ha permitido el desarrollo de las capacidades intelectuales y los valores c\u00edvicos de los j\u00f3venes<\/p>\n","protected":false},"author":1,"featured_media":445,"comment_status":"closed","ping_status":"closed","sticky":false,"template":"","format":"standard","meta":{"_monsterinsights_skip_tracking":false,"_monsterinsights_sitenote_active":false,"_monsterinsights_sitenote_note":"","_monsterinsights_sitenote_category":0,"footnotes":""},"categories":[7,8],"tags":[12],"class_list":["post-444","post","type-post","status-publish","format-standard","has-post-thumbnail","hentry","category-comunicacion-social","category-gobierno-municipal-rio-grande-zacatecas","tag-comunicacion-social"],"jetpack_featured_media_url":"https:\/\/riograndezac.gob.mx\/informatica\/wp-content\/uploads\/2015\/06\/Jubilados-2-copia.jpg","_links":{"self":[{"href":"https:\/\/riograndezac.gob.mx\/informatica\/index.php?rest_route=\/wp\/v2\/posts\/444","targetHints":{"allow":["GET"]}}],"collection":[{"href":"https:\/\/riograndezac.gob.mx\/informatica\/index.php?rest_route=\/wp\/v2\/posts"}],"about":[{"href":"https:\/\/riograndezac.gob.mx\/informatica\/index.php?rest_route=\/wp\/v2\/types\/post"}],"author":[{"embeddable":true,"href":"https:\/\/riograndezac.gob.mx\/informatica\/index.php?rest_route=\/wp\/v2\/users\/1"}],"replies":[{"embeddable":true,"href":"https:\/\/riograndezac.gob.mx\/informatica\/index.php?rest_route=%2Fwp%2Fv2%2Fcomments&post=444"}],"version-history":[{"count":1,"href":"https:\/\/riograndezac.gob.mx\/informatica\/index.php?rest_route=\/wp\/v2\/posts\/444\/revisions"}],"predecessor-version":[{"id":446,"href":"https:\/\/riograndezac.gob.mx\/informatica\/index.php?rest_route=\/wp\/v2\/posts\/444\/revisions\/446"}],"wp:featuredmedia":[{"embeddable":true,"href":"https:\/\/riograndezac.gob.mx\/informatica\/index.php?rest_route=\/wp\/v2\/media\/445"}],"wp:attachment":[{"href":"https:\/\/riograndezac.gob.mx\/informatica\/index.php?rest_route=%2Fwp%2Fv2%2Fmedia&parent=444"}],"wp:term":[{"taxonomy":"category","embeddable":true,"href":"https:\/\/riograndezac.gob.mx\/informatica\/index.php?rest_route=%2Fwp%2Fv2%2Fcategories&post=444"},{"taxonomy":"post_tag","embeddable":true,"href":"https:\/\/riograndezac.gob.mx\/informatica\/index.php?rest_route=%2Fwp%2Fv2%2Ftags&post=444"}],"curies":[{"name":"wp","href":"https:\/\/api.w.org\/{rel}","templated":true}]}}