{"id":447,"date":"2015-06-22T03:20:13","date_gmt":"2015-06-22T03:20:13","guid":{"rendered":"http:\/\/riograndezac.gob.mx\/informatica\/?p=447"},"modified":"2015-06-22T03:20:13","modified_gmt":"2015-06-22T03:20:13","slug":"cuadrangular-de-futbol-organizado-por-el-dif-municipal","status":"publish","type":"post","link":"https:\/\/riograndezac.gob.mx\/informatica\/?p=447","title":{"rendered":"Cuadrangular de futbol organizado por el DIF municipal."},"content":{"rendered":"<p><img loading=\"lazy\" decoding=\"async\" id=\"__wp-temp-img-id\" class=\" aligncenter\" title=\"\" src=\"https:\/\/riograndezac.gob.mx\/informatica\/wp-content\/uploads\/2015\/06\/DIF-d\u00eda-del-padre-2-copia.jpg\" alt=\"\" width=\"700\" height=\"466\" \/><\/p>\n<p>Las inclemencias del clima no fueron factor para pasar un rato agradable entre los trabajadores padres de familia, personal de Obras P\u00fablicas, SMDIF, SUTSEMOP y un equipo invitado de la colonia Buenos Aires, fueron los protagonistas del cuadrangular de futbol organizado por el DIF municipal.<\/p>\n<p>&nbsp;<\/p>\n<p>En representaci\u00f3n del alcalde Constantino Casta\u00f1eda Mu\u00f1oz y de la presidenta del Sistema Municipal para el Desarrollo Integral para la Familia Martha Patricia Molina de Casta\u00f1eda, asisti\u00f3 el director Julio C\u00e9sar Mares Torres, quien en su intervenci\u00f3n coment\u00f3 que \u201csabemos y reconocemos la tarea de ser padres de familia, pues no es f\u00e1cil estar al frente de un hogar, vivir con la responsabilidad de los hijos y que d\u00eda a d\u00eda salimos a trabajar para buscar ofrecer una mejor vida a nuestras familias\u201d.<\/p>\n<p>&nbsp;<\/p>\n<p>Agreg\u00f3 que \u201cmuchos padres se preguntan si la comunicaci\u00f3n que tienen con sus hijos es la ideal, para saberlo, lo ideal es reflexionar sobre algunas cuestiones como el tiempo que dedican a pasar en familia con sus hijos, cu\u00e1nto tiempo dedican a charlar con ellos y con sus esposas, los padres, o esas personas tan especiales que ocupan su lugar en nuestra vida, son seres que representan muchas cosas importantes para todos nosotros, su presencia o la falta de ella tiene una gran influencia en la historia de los hijos\u201d.<\/p>\n<p>&nbsp;<\/p>\n<p>En medio de esta emotiva fiesta, Mares Torres, enfatiz\u00f3 que \u201cel D\u00eda del Padre es una buena oportunidad para demostrar a pap\u00e1 el cari\u00f1o que sentimos sent\u00eds hacia \u00e9l, lo ideal es pasar el d\u00eda con \u00e9l, sorprenderlos con alg\u00fan detalle y, en definitiva, hacerlos sentir una persona especial en nuestras vidas, en hora buena a todos los pap\u00e1s de R\u00edo Grande\u201d.<\/p>\n<p>&nbsp;<\/p>\n<p>Record\u00f3 que para este domingo, por parte del Instituto Municipal del Deporte tiene organizado un paseo ciclista denominado \u201cQue Padre, en bici con la familia\u201d, con el objetivo de convivir de una manera sana y divertida con las familias, as\u00ed que est\u00e1n todos invitados a partir de las 8:30 de la ma\u00f1ana, en la plaza c\u00edvica, adem\u00e1s de que cada papa que se inscriba recibir\u00e1 un boleto para la rifa de unas bicicletas que al final del paseo se entregar\u00e1n, por lo que exhort\u00f3 a la poblaci\u00f3n para que asista y se divierta.<\/p>\n","protected":false},"excerpt":{"rendered":"<p>En representaci\u00f3n del alcalde Constantino Casta\u00f1eda Mu\u00f1oz y de la presidenta del Sistema Municipal para el Desarrollo Integral para la Familia Martha Patricia Molina de Casta\u00f1eda, asisti\u00f3 el director Julio C\u00e9sar Mares Torres, quien en su intervenci\u00f3n coment\u00f3 que \u201csabemos y reconocemos la tarea de ser padres de familia &#8230;<\/p>\n","protected":false},"author":1,"featured_media":448,"comment_status":"closed","ping_status":"closed","sticky":false,"template":"","format":"standard","meta":{"_monsterinsights_skip_tracking":false,"_monsterinsights_sitenote_active":false,"_monsterinsights_sitenote_note":"","_monsterinsights_sitenote_category":0,"footnotes":""},"categories":[7,9,8],"tags":[12,16],"class_list":["post-447","post","type-post","status-publish","format-standard","has-post-thumbnail","hentry","category-comunicacion-social","category-dif-rio-grande","category-gobierno-municipal-rio-grande-zacatecas","tag-comunicacion-social","tag-dif"],"jetpack_featured_media_url":"https:\/\/riograndezac.gob.mx\/informatica\/wp-content\/uploads\/2015\/06\/DIF-d\u00eda-del-padre-2-copia.jpg","_links":{"self":[{"href":"https:\/\/riograndezac.gob.mx\/informatica\/index.php?rest_route=\/wp\/v2\/posts\/447","targetHints":{"allow":["GET"]}}],"collection":[{"href":"https:\/\/riograndezac.gob.mx\/informatica\/index.php?rest_route=\/wp\/v2\/posts"}],"about":[{"href":"https:\/\/riograndezac.gob.mx\/informatica\/index.php?rest_route=\/wp\/v2\/types\/post"}],"author":[{"embeddable":true,"href":"https:\/\/riograndezac.gob.mx\/informatica\/index.php?rest_route=\/wp\/v2\/users\/1"}],"replies":[{"embeddable":true,"href":"https:\/\/riograndezac.gob.mx\/informatica\/index.php?rest_route=%2Fwp%2Fv2%2Fcomments&post=447"}],"version-history":[{"count":1,"href":"https:\/\/riograndezac.gob.mx\/informatica\/index.php?rest_route=\/wp\/v2\/posts\/447\/revisions"}],"predecessor-version":[{"id":449,"href":"https:\/\/riograndezac.gob.mx\/informatica\/index.php?rest_route=\/wp\/v2\/posts\/447\/revisions\/449"}],"wp:featuredmedia":[{"embeddable":true,"href":"https:\/\/riograndezac.gob.mx\/informatica\/index.php?rest_route=\/wp\/v2\/media\/448"}],"wp:attachment":[{"href":"https:\/\/riograndezac.gob.mx\/informatica\/index.php?rest_route=%2Fwp%2Fv2%2Fmedia&parent=447"}],"wp:term":[{"taxonomy":"category","embeddable":true,"href":"https:\/\/riograndezac.gob.mx\/informatica\/index.php?rest_route=%2Fwp%2Fv2%2Fcategories&post=447"},{"taxonomy":"post_tag","embeddable":true,"href":"https:\/\/riograndezac.gob.mx\/informatica\/index.php?rest_route=%2Fwp%2Fv2%2Ftags&post=447"}],"curies":[{"name":"wp","href":"https:\/\/api.w.org\/{rel}","templated":true}]}}