{"id":4608,"date":"2017-05-12T18:28:22","date_gmt":"2017-05-12T23:28:22","guid":{"rendered":"http:\/\/riograndezac.gob.mx\/informatica\/?p=4608"},"modified":"2017-05-12T18:28:22","modified_gmt":"2017-05-12T23:28:22","slug":"comprometidos-con-el-medio-ambiente-es-como-debemos-de-trabajar","status":"publish","type":"post","link":"https:\/\/riograndezac.gob.mx\/informatica\/?p=4608","title":{"rendered":"Comprometidos con el medio ambiente es como debemos de trabajar &#8230;"},"content":{"rendered":"<p>&nbsp;<\/p>\n<p>\u201cComprometidos con el medio ambiente es como debemos de trabajar, buscar una soluci\u00f3n a la problem\u00e1tica ambiental que hoy nos acontece es lo que debe preocuparnos\u201d detall\u00f3 el alcalde Julio Ram\u00edrez L\u00f3pez al encabezar una campa\u00f1a de limpieza en la comunidad de Vicente Guerrero antes Sabanilla.<\/p>\n<p>&nbsp;<\/p>\n<p>Acompa\u00f1ado por diferentes instituciones educativas de la comunidad, as\u00ed como el personal del Centro de Desarrollo Humano, el concejal y delegado de la comunidad y mas de 80 mujeres del programa IMSS Prospera el presidente arranco la jornada de limpieza.<\/p>\n<p>&nbsp;<\/p>\n<p>\u201cEs muy f\u00e1cil criticar desde el otro lado de la barrera, hoy por hoy quiero decirle a toda la gente que de alguna manera trata de truncar el trabajo en equipo que hemos hecho, que tambi\u00e9n aplaudan las acciones positivas que realizamos por el municipio, en especial al tema de la reforestaci\u00f3n, decirles que se tomaron las medidas pertinentes ante las instancias correspondientes para poder tener la autorizaci\u00f3n para remover los arboles, algunos arboles fueron reubicados en otro lugar y unos mas si fue necesario sacarlos\u201d se\u00f1al\u00f3.<\/p>\n<p>&nbsp;<\/p>\n<p>\u201cUno de los principales compromisos por parte de las instituciones al cuidado del medio ambiente fue que por cada \u00e1rbol removido debemos plantar aproximadamente 10 arboles nuevos, esto lo hemos hecho ya en diferentes puntos de la ciudad y donde actualmente se llevan a cabo trabajos de remodelaci\u00f3n en la plaza c\u00edvica y el malec\u00f3n en su momento realizaremos la plantaci\u00f3n de nuevos arboles, pues tenemos entendido que en lo que va de esta administraci\u00f3n el tema de reforestaci\u00f3n a sido prioridad\u201d<\/p>\n<p>&nbsp;<\/p>\n<p>\u201cExhortarles a trabajar en unidad, sabemos que es dif\u00edcil pero juntos podemos lograrlo, es nuestro municipio y nuestra tierra y nadie va a venir de fuera a decirnos como hacer las cosas, es por ello que el tema del cuidado del medio ambiente a todos nos corresponde, estas campa\u00f1as son con la finalidad de concientizar a la ciudadan\u00eda pues de tener un espacio limpio ya sea en el parque, la calle, un arroyo o una avenida no hubiera necesidad de llevar a cabo este trabajo comunitario, esto nos incluye a todos porque es de todos\u201d finaliz\u00f3.<\/p>\n","protected":false},"excerpt":{"rendered":"<p>&#8220;Comprometidos con el medio ambiente es como debemos de trabajar, buscar una soluci\u00f3n a la problem\u00e1tica ambiental que hoy nos acontece es lo que debe preocuparnos\u201d<\/p>\n","protected":false},"author":1,"featured_media":4609,"comment_status":"closed","ping_status":"closed","sticky":false,"template":"","format":"standard","meta":{"_monsterinsights_skip_tracking":false,"_monsterinsights_sitenote_active":false,"_monsterinsights_sitenote_note":"","_monsterinsights_sitenote_category":0,"footnotes":""},"categories":[5],"tags":[12,18],"class_list":["post-4608","post","type-post","status-publish","format-standard","has-post-thumbnail","hentry","category-destacados","tag-comunicacion-social","tag-gobierno-municipal-rio-grande"],"jetpack_featured_media_url":"https:\/\/riograndezac.gob.mx\/informatica\/wp-content\/uploads\/2017\/05\/Captura-de-pantalla-2017-05-12-a-las-14.50.26.png","_links":{"self":[{"href":"https:\/\/riograndezac.gob.mx\/informatica\/index.php?rest_route=\/wp\/v2\/posts\/4608","targetHints":{"allow":["GET"]}}],"collection":[{"href":"https:\/\/riograndezac.gob.mx\/informatica\/index.php?rest_route=\/wp\/v2\/posts"}],"about":[{"href":"https:\/\/riograndezac.gob.mx\/informatica\/index.php?rest_route=\/wp\/v2\/types\/post"}],"author":[{"embeddable":true,"href":"https:\/\/riograndezac.gob.mx\/informatica\/index.php?rest_route=\/wp\/v2\/users\/1"}],"replies":[{"embeddable":true,"href":"https:\/\/riograndezac.gob.mx\/informatica\/index.php?rest_route=%2Fwp%2Fv2%2Fcomments&post=4608"}],"version-history":[{"count":1,"href":"https:\/\/riograndezac.gob.mx\/informatica\/index.php?rest_route=\/wp\/v2\/posts\/4608\/revisions"}],"predecessor-version":[{"id":4610,"href":"https:\/\/riograndezac.gob.mx\/informatica\/index.php?rest_route=\/wp\/v2\/posts\/4608\/revisions\/4610"}],"wp:featuredmedia":[{"embeddable":true,"href":"https:\/\/riograndezac.gob.mx\/informatica\/index.php?rest_route=\/wp\/v2\/media\/4609"}],"wp:attachment":[{"href":"https:\/\/riograndezac.gob.mx\/informatica\/index.php?rest_route=%2Fwp%2Fv2%2Fmedia&parent=4608"}],"wp:term":[{"taxonomy":"category","embeddable":true,"href":"https:\/\/riograndezac.gob.mx\/informatica\/index.php?rest_route=%2Fwp%2Fv2%2Fcategories&post=4608"},{"taxonomy":"post_tag","embeddable":true,"href":"https:\/\/riograndezac.gob.mx\/informatica\/index.php?rest_route=%2Fwp%2Fv2%2Ftags&post=4608"}],"curies":[{"name":"wp","href":"https:\/\/api.w.org\/{rel}","templated":true}]}}