{"id":503,"date":"2015-06-24T04:17:02","date_gmt":"2015-06-24T04:17:02","guid":{"rendered":"http:\/\/riograndezac.gob.mx\/informatica\/?p=503"},"modified":"2015-06-24T04:17:23","modified_gmt":"2015-06-24T04:17:23","slug":"convocatoria-para-fotografos-de-profesion-y-de-aficion-denominada-rio-grande-una-caja-magica","status":"publish","type":"post","link":"https:\/\/riograndezac.gob.mx\/informatica\/?p=503","title":{"rendered":"Convocatoria para fot\u00f3grafos de profesi\u00f3n y de afici\u00f3n, denominada \u00a1R\u00edo Grande, \u201cUna caja m\u00e1gica\u201d!"},"content":{"rendered":"<p><img loading=\"lazy\" decoding=\"async\" id=\"__wp-temp-img-id\" class=\" aligncenter\" title=\"\" src=\"https:\/\/riograndezac.gob.mx\/informatica\/wp-content\/uploads\/2015\/06\/CONVOCATORIA-FOTOGRAFIA.png\" alt=\"\" width=\"570\" height=\"881\" \/><\/p>\n<p>En el marco de la Jornada Cultural \u201cIsidro M\u00e9ndez Lira\u201d, el Gobierno Municipal de R\u00edo Grande presidido por el alcalde Constantino Casta\u00f1eda Mu\u00f1oz, a trav\u00e9s del Instituto Municipal de Cultura, lanz\u00f3 una convocatoria para fot\u00f3grafos de profesi\u00f3n y de afici\u00f3n, denominada \u00a1R\u00edo Grande, \u201cUna caja m\u00e1gica\u201d!<\/p>\n<p>&nbsp;<\/p>\n<p>La titular del Instituto Municipal de Cultura, Santa Sabina Esquivel Gonz\u00e1lez, dijo que haciendo un homenaje al \u00edcono de la cultura en R\u00edo Grande, se lanz\u00f3 esta convocatoria, con lo que se abren las puertas para que la poblaci\u00f3n en general, d\u00e9 a conocer tu arte y gusto por la fotograf\u00eda.<\/p>\n<p>&nbsp;<\/p>\n<p>Inform\u00f3 que se trata de una exposici\u00f3n colectiva que conjuga el trabajo fotogr\u00e1fico de diferentes autores de la regi\u00f3n, con manifestaciones art\u00edsticas que se desarrollan en nuestra ciudad, por lo que los participantes ser\u00e1n ciudadanos y ciudadanas que gusten de la fotograf\u00eda, quienes persiguen desde esta experiencia hacer foco en aquellas situaciones, personas o expresiones del arte que nos circundan a diario y que tantas veces pasan desapercibidas.<\/p>\n<p>&nbsp;<\/p>\n<p>Indic\u00f3 que la exposici\u00f3n ser\u00e1 una plataforma para todos aquellos que quieran dar a conocer su arte a trav\u00e9s de la fotograf\u00eda, por lo que se espera la participaci\u00f3n de un buen n\u00famero de ciudadanos.<br \/>\n\u201cR\u00edo Grande, una caja m\u00e1gica\u201d, se inaugurar\u00e1 el jueves 30 de julio a las 7 de la tarde en la casa de la cultura \u201cLu\u00eds Cerrillo C\u00e1zares\u201d, y continuar\u00e1 a lo largo de un mes, por lo que la muestra ser\u00e1 de acceso libre y gratuito.<\/p>\n<p>&nbsp;<\/p>\n<p>Exhort\u00f3 a la poblaci\u00f3n para que presente sus trabajos hasta el 10 de julio bajo las siguientes bases, que son muy sencillas puesto que no es concurso: deber\u00e1n ser fotograf\u00edas in\u00e9ditas arte personal,\u00a0 experimental y bellas artes, presentadas de manera f\u00edsica en tama\u00f1o tabloide.<\/p>\n<p>&nbsp;<\/p>\n<p>As\u00ed mismo, dijo que podr\u00e1n ser fotograf\u00edas que formen parte de una serie, por lo que se entregar\u00e1 constancia de participaci\u00f3n por parte del Instituto Municipal de Cultura, por artista, quien adem\u00e1s, deber\u00e1 enviar las fotograf\u00edas en formato electr\u00f3nico independientemente de la forma en que fueron capturadas y deber\u00e1n enviar archivo adjunto en word con datos como el t\u00edtulo de la fotograf\u00eda, fot\u00f3grafo, lugar, fecha y una rese\u00f1a de la foto en 350 palabras m\u00e1ximo, al correo <a href=\"mailto:culturariograndezac@yahoo.com.mx\">culturariograndezac@yahoo.com.mx<\/a>.<\/p>\n<p>&nbsp;<\/p>\n<p>Dijo que al enviar las fotograf\u00edas, se implica la aceptaci\u00f3n por parte del autor de que el material, podr\u00e1 ser incluido en los archivos de memoria de la Jornada Cultural \u201cIsidro M\u00e9ndez Lira\u201d, as\u00ed como los derechos de reproducci\u00f3n de sus obras al Instituto Municipal de Cultura, citando al autor de las mismas y siempre que sea sin fines lucrativos, por lo que se presupone que el fot\u00f3grafo tiene la autorizaci\u00f3n y\/o permiso de las personas que aparecen en los trabajos presentados, recayendo sobre el autor toda responsabilidad relacionada con el derecho a la intimidad.<\/p>\n<p>&nbsp;<\/p>\n<p>Finaliz\u00f3 invitando a los interesados, para que acudan al Instituto y soliciten la informaci\u00f3n que requieran sobre la convocatoria.<\/p>\n","protected":false},"excerpt":{"rendered":"<p>As\u00ed mismo, dijo que podr\u00e1n ser fotograf\u00edas que formen parte de una serie, por lo que se entregar\u00e1 constancia de participaci\u00f3n por parte del Instituto Municipal de Cultura<\/p>\n","protected":false},"author":1,"featured_media":504,"comment_status":"closed","ping_status":"closed","sticky":false,"template":"","format":"standard","meta":{"_monsterinsights_skip_tracking":false,"_monsterinsights_sitenote_active":false,"_monsterinsights_sitenote_note":"","_monsterinsights_sitenote_category":0,"footnotes":""},"categories":[7,8],"tags":[12,29,18],"class_list":["post-503","post","type-post","status-publish","format-standard","has-post-thumbnail","hentry","category-comunicacion-social","category-gobierno-municipal-rio-grande-zacatecas","tag-comunicacion-social","tag-cultura","tag-gobierno-municipal-rio-grande"],"jetpack_featured_media_url":"https:\/\/riograndezac.gob.mx\/informatica\/wp-content\/uploads\/2015\/06\/CONVOCATORIA-FOTOGRAFIA.png","_links":{"self":[{"href":"https:\/\/riograndezac.gob.mx\/informatica\/index.php?rest_route=\/wp\/v2\/posts\/503","targetHints":{"allow":["GET"]}}],"collection":[{"href":"https:\/\/riograndezac.gob.mx\/informatica\/index.php?rest_route=\/wp\/v2\/posts"}],"about":[{"href":"https:\/\/riograndezac.gob.mx\/informatica\/index.php?rest_route=\/wp\/v2\/types\/post"}],"author":[{"embeddable":true,"href":"https:\/\/riograndezac.gob.mx\/informatica\/index.php?rest_route=\/wp\/v2\/users\/1"}],"replies":[{"embeddable":true,"href":"https:\/\/riograndezac.gob.mx\/informatica\/index.php?rest_route=%2Fwp%2Fv2%2Fcomments&post=503"}],"version-history":[{"count":1,"href":"https:\/\/riograndezac.gob.mx\/informatica\/index.php?rest_route=\/wp\/v2\/posts\/503\/revisions"}],"predecessor-version":[{"id":505,"href":"https:\/\/riograndezac.gob.mx\/informatica\/index.php?rest_route=\/wp\/v2\/posts\/503\/revisions\/505"}],"wp:featuredmedia":[{"embeddable":true,"href":"https:\/\/riograndezac.gob.mx\/informatica\/index.php?rest_route=\/wp\/v2\/media\/504"}],"wp:attachment":[{"href":"https:\/\/riograndezac.gob.mx\/informatica\/index.php?rest_route=%2Fwp%2Fv2%2Fmedia&parent=503"}],"wp:term":[{"taxonomy":"category","embeddable":true,"href":"https:\/\/riograndezac.gob.mx\/informatica\/index.php?rest_route=%2Fwp%2Fv2%2Fcategories&post=503"},{"taxonomy":"post_tag","embeddable":true,"href":"https:\/\/riograndezac.gob.mx\/informatica\/index.php?rest_route=%2Fwp%2Fv2%2Ftags&post=503"}],"curies":[{"name":"wp","href":"https:\/\/api.w.org\/{rel}","templated":true}]}}