{"id":540,"date":"2015-06-25T15:34:06","date_gmt":"2015-06-25T15:34:06","guid":{"rendered":"http:\/\/riograndezac.gob.mx\/informatica\/?p=540"},"modified":"2015-06-25T15:34:06","modified_gmt":"2015-06-25T15:34:06","slug":"45-alumnos-de-educacion-inicial-recibieron-su-constancia-que-los-acredita-para-poder-ingresar-a-los-niveles-de-preescolar","status":"publish","type":"post","link":"https:\/\/riograndezac.gob.mx\/informatica\/?p=540","title":{"rendered":"45 alumnos de educaci\u00f3n inicial recibieron su constancia que los acredita para poder ingresar a los niveles de preescolar"},"content":{"rendered":"<p><img loading=\"lazy\" decoding=\"async\" id=\"__wp-temp-img-id\" class=\" aligncenter\" title=\"\" src=\"https:\/\/riograndezac.gob.mx\/informatica\/wp-content\/uploads\/2015\/06\/CONAFE-1.png\" alt=\"\" width=\"700\" height=\"279\" \/><\/p>\n<p>En una emotiva ceremonia de graduaci\u00f3n organizada por parte del Consejo Nacional de Fomento Educativo (CONAFE)\u00a0 en R\u00edo Grande, 45 alumnos de educaci\u00f3n inicial recibieron su constancia que los acredita para poder ingresar a los niveles de preescolar.<\/p>\n<p>&nbsp;<\/p>\n<p>Con la presencia de Gerardo Guerrero Padilla, en representaci\u00f3n del alcalde Constantino Casta\u00f1eda Mu\u00f1oz, alumnos y padres de familia de las comunidades de Pastelera, Ci\u00e9nega y Mancillas, Las Piedras, La Luz, San Felipe, Los Ram\u00edrez, Los N\u00fa\u00f1ez, Francisco Garc\u00eda Salinas, Ex Hacienda de Guadalupe y Las Esperanzas se dieron cita en las instalaciones de la Casa de Cultura \u201cLuis Cerrillo Cazares\u201d, para que se realizara esta clausura.<\/p>\n<p>&nbsp;<\/p>\n<p>De igual manera, estuvo la Supervisora del M\u00f3dulo 14 de la Educaci\u00f3n Inicial CONAFE Lidia Lizeth God\u00ednez Frausto y la delegada de la comunidad de Los N\u00fa\u00f1ez Alondra Cisneros Monreal, para entregar las 45 constancias a los ni\u00f1os que habr\u00e1n de ingresar al nivel preescolar este pr\u00f3ximo ciclo 2015-2016 en sus comunidades correspondientes.<\/p>\n<p>&nbsp;<\/p>\n<p>En su intervenci\u00f3n Gerardo Guerrero Padilla coment\u00f3 que \u201cesta es una ocasi\u00f3n trascendental en la vida de todos los ni\u00f1os, tambi\u00e9n es un momento para reconocer la destacada labor del personal educativo y los padres de los estudiantes, con solo ver a su alrededor, las caras felices y sonrientes que nos dicen mucho sobre el medio ambiente que se vive en los grupos, estos ni\u00f1os han aprendido mucho\u201d.<\/p>\n<p>&nbsp;<\/p>\n<p>\u201cEsta Instituci\u00f3n pone \u00e9nfasis en el aprendizaje, crecimiento y diversi\u00f3n, estamos satisfechos de la manera en que los ni\u00f1os desarrollan su personalidad, al aprender y crecer en un marco de convivencia arm\u00f3nica y de valores, reconocer tambi\u00e9n el esfuerzo de los padres de familia por la tarea incansable que conlleva la responsabilidad de forjar en sus hijos una educaci\u00f3n de calidad y que mejor a muy temprana edad\u201d, mencion\u00f3.<\/p>\n<p>&nbsp;<\/p>\n<p>La Supervisora del M\u00f3dulo 14 de la Educaci\u00f3n Inicial CONAFE Lidia Lizeth God\u00ednez Frausto agradeci\u00f3 el respaldo del gobierno municipal y dijo que \u201cejerceremos con orgullo y dignidad nuestro trabajo, ya que brindar asesor\u00eda a madres y padres de familia y personas que participan en el cuidado y la crianza de ni\u00f1as y ni\u00f1os de cero a 3 a\u00f1os 11 meses de edad en comunidades rurales es lo que nos mantiene con las energ\u00eda suficiente para continuar adelante, mi reconocimiento y total agradecimiento al equipo y promotores educativos son ellos quienes hacen posible que esto funcione de la mejor manera\u201d.<\/p>\n","protected":false},"excerpt":{"rendered":"<p>En su intervenci\u00f3n Gerardo Guerrero Padilla coment\u00f3 que \u201cesta es una ocasi\u00f3n trascendental en la vida de todos los ni\u00f1os, tambi\u00e9n es un momento para reconocer la destacada labor del personal educativo y los padres de los estudiantes<\/p>\n","protected":false},"author":1,"featured_media":541,"comment_status":"closed","ping_status":"closed","sticky":false,"template":"","format":"standard","meta":{"_monsterinsights_skip_tracking":false,"_monsterinsights_sitenote_active":false,"_monsterinsights_sitenote_note":"","_monsterinsights_sitenote_category":0,"footnotes":""},"categories":[5],"tags":[12,18],"class_list":["post-540","post","type-post","status-publish","format-standard","has-post-thumbnail","hentry","category-destacados","tag-comunicacion-social","tag-gobierno-municipal-rio-grande"],"jetpack_featured_media_url":"https:\/\/riograndezac.gob.mx\/informatica\/wp-content\/uploads\/2015\/06\/CONAFE-1.png","_links":{"self":[{"href":"https:\/\/riograndezac.gob.mx\/informatica\/index.php?rest_route=\/wp\/v2\/posts\/540","targetHints":{"allow":["GET"]}}],"collection":[{"href":"https:\/\/riograndezac.gob.mx\/informatica\/index.php?rest_route=\/wp\/v2\/posts"}],"about":[{"href":"https:\/\/riograndezac.gob.mx\/informatica\/index.php?rest_route=\/wp\/v2\/types\/post"}],"author":[{"embeddable":true,"href":"https:\/\/riograndezac.gob.mx\/informatica\/index.php?rest_route=\/wp\/v2\/users\/1"}],"replies":[{"embeddable":true,"href":"https:\/\/riograndezac.gob.mx\/informatica\/index.php?rest_route=%2Fwp%2Fv2%2Fcomments&post=540"}],"version-history":[{"count":1,"href":"https:\/\/riograndezac.gob.mx\/informatica\/index.php?rest_route=\/wp\/v2\/posts\/540\/revisions"}],"predecessor-version":[{"id":542,"href":"https:\/\/riograndezac.gob.mx\/informatica\/index.php?rest_route=\/wp\/v2\/posts\/540\/revisions\/542"}],"wp:featuredmedia":[{"embeddable":true,"href":"https:\/\/riograndezac.gob.mx\/informatica\/index.php?rest_route=\/wp\/v2\/media\/541"}],"wp:attachment":[{"href":"https:\/\/riograndezac.gob.mx\/informatica\/index.php?rest_route=%2Fwp%2Fv2%2Fmedia&parent=540"}],"wp:term":[{"taxonomy":"category","embeddable":true,"href":"https:\/\/riograndezac.gob.mx\/informatica\/index.php?rest_route=%2Fwp%2Fv2%2Fcategories&post=540"},{"taxonomy":"post_tag","embeddable":true,"href":"https:\/\/riograndezac.gob.mx\/informatica\/index.php?rest_route=%2Fwp%2Fv2%2Ftags&post=540"}],"curies":[{"name":"wp","href":"https:\/\/api.w.org\/{rel}","templated":true}]}}