{"id":552,"date":"2015-06-26T17:02:20","date_gmt":"2015-06-26T17:02:20","guid":{"rendered":"http:\/\/riograndezac.gob.mx\/informatica\/?p=552"},"modified":"2015-06-26T17:02:58","modified_gmt":"2015-06-26T17:02:58","slug":"el-paseo-en-bicicleta-organizado-por-la-coordinacion-municipal-del-deporte-resulto-ser-del-total-agrado-para-los-padres-de-familia-ya-que-mostraron-una-gran-aceptacion-y-mucho-interes","status":"publish","type":"post","link":"https:\/\/riograndezac.gob.mx\/informatica\/?p=552","title":{"rendered":"El paseo en bicicleta organizado por la coordinaci\u00f3n municipal del deporte result\u00f3 ser del total agrado para los padres de familia ya que mostraron una gran aceptaci\u00f3n y mucho inter\u00e9s"},"content":{"rendered":"<p>&nbsp;<\/p>\n<p>\u201cEl paseo en bicicleta organizado por la coordinaci\u00f3n municipal del deporte result\u00f3 ser del total agrado para los padres de familia ya que mostraron una gran aceptaci\u00f3n y mucho inter\u00e9s, al aprovechar las festividades del d\u00eda del padre, lo que sirvi\u00f3 para hacer m\u00e1s estrecha la relaci\u00f3n entre padres e hijos\u201d, coment\u00f3 H\u00e9ctor Mart\u00edn S\u00e1nchez Calder\u00f3n encargado del departamento del Deporte.<\/p>\n<p>&nbsp;<\/p>\n<p>\u201cEn punto de las 8:30 de la ma\u00f1ana comenzaron las inscripciones, lo que dar\u00eda lugar a tener la oportunidad de participar en la rifa de dos bicicletas, el requisito era solo participar y asistir acompa\u00f1ado de sus hijos, minutos despu\u00e9s de las 9 de la ma\u00f1ana se dio el banderazo de salida en la plaza c\u00edvica\u201d, explic\u00f3 S\u00e1nchez Calder\u00f3n.<\/p>\n<p>&nbsp;<\/p>\n<p>\u201cSeguimos el recorrido con lo programado que dur\u00f3 m\u00e1s de una hora, salimos de la plaza c\u00edvica con rumbo al bordo en direcci\u00f3n a las Palomas, de ah\u00ed a la escuela Ram\u00f3n L\u00f3pez Velarde, giramos a la calle Luis Moya hasta encontrarnos a la calle Corregidora, bajamos hacia la calle Constituci\u00f3n con rumbo a la Santa Veracruz, bajamos ese peque\u00f1o tramo de la calle Zacatecas hasta incorporarnos a la calle Independencia y llegar a la calle Atl\u00e1ntico para salir al malec\u00f3n y finalizar el recorrido en la plaza c\u00edvica nuevamente\u201d, a\u00f1adi\u00f3.<\/p>\n<p><img loading=\"lazy\" decoding=\"async\" id=\"__wp-temp-img-id\" class=\" aligncenter\" title=\"\" src=\"https:\/\/riograndezac.gob.mx\/informatica\/wp-content\/uploads\/2015\/06\/Paseo-ciclista-3-copia.jpg\" alt=\"\" width=\"700\" height=\"466\" \/><\/p>\n<p>\u201cEl objetivo de este paseo primeramente era festejar el d\u00eda del padre, a pesar de que hubo familias que salieron de la ciudad, o que acudieron a otros eventos deportivos tuvimos una excelente participaci\u00f3n de cerca de un centenar de papas acompa\u00f1ados por sus hijos, adem\u00e1s de que pedalearon los diferentes clubes de ciclismo y algunos funcionarios de la administraci\u00f3n, con ello nos queda la encomienda del alcalde Constantino Casta\u00f1eda Mu\u00f1oz de procurar rescatar los valores dentro de las familias, es as\u00ed como contribuimos con nuestro granito de arena\u201d, enfatiz\u00f3.<\/p>\n<p>&nbsp;<\/p>\n<p>\u201cDebemos agradecer tambi\u00e9n a las corporaciones de seguridad p\u00fablica, Protecci\u00f3n Civil y bomberos y a la delegaci\u00f3n de transito por acompa\u00f1arnos durante el recorrido, y gracias a la aceptaci\u00f3n los ciclistas nos sugirieron trazar m\u00e1s rutas por diferentes puntos del municipio, como parte de las actividades que podemos realizar en familia\u201d, finaliz\u00f3.<\/p>\n<p>&nbsp;<\/p>\n","protected":false},"excerpt":{"rendered":"<p>El objetivo de este paseo primeramente era festejar el d\u00eda del padre, a pesar de que hubo familias que salieron de la ciudad, o que acudieron a otros eventos deportivos tuvimos una excelente participaci\u00f3n<\/p>\n","protected":false},"author":1,"featured_media":553,"comment_status":"closed","ping_status":"closed","sticky":false,"template":"","format":"standard","meta":{"_monsterinsights_skip_tracking":false,"_monsterinsights_sitenote_active":false,"_monsterinsights_sitenote_note":"","_monsterinsights_sitenote_category":0,"footnotes":""},"categories":[7,8],"tags":[12,18],"class_list":["post-552","post","type-post","status-publish","format-standard","has-post-thumbnail","hentry","category-comunicacion-social","category-gobierno-municipal-rio-grande-zacatecas","tag-comunicacion-social","tag-gobierno-municipal-rio-grande"],"jetpack_featured_media_url":"https:\/\/riograndezac.gob.mx\/informatica\/wp-content\/uploads\/2015\/06\/Paseo-ciclista-3-copia.jpg","_links":{"self":[{"href":"https:\/\/riograndezac.gob.mx\/informatica\/index.php?rest_route=\/wp\/v2\/posts\/552","targetHints":{"allow":["GET"]}}],"collection":[{"href":"https:\/\/riograndezac.gob.mx\/informatica\/index.php?rest_route=\/wp\/v2\/posts"}],"about":[{"href":"https:\/\/riograndezac.gob.mx\/informatica\/index.php?rest_route=\/wp\/v2\/types\/post"}],"author":[{"embeddable":true,"href":"https:\/\/riograndezac.gob.mx\/informatica\/index.php?rest_route=\/wp\/v2\/users\/1"}],"replies":[{"embeddable":true,"href":"https:\/\/riograndezac.gob.mx\/informatica\/index.php?rest_route=%2Fwp%2Fv2%2Fcomments&post=552"}],"version-history":[{"count":1,"href":"https:\/\/riograndezac.gob.mx\/informatica\/index.php?rest_route=\/wp\/v2\/posts\/552\/revisions"}],"predecessor-version":[{"id":554,"href":"https:\/\/riograndezac.gob.mx\/informatica\/index.php?rest_route=\/wp\/v2\/posts\/552\/revisions\/554"}],"wp:featuredmedia":[{"embeddable":true,"href":"https:\/\/riograndezac.gob.mx\/informatica\/index.php?rest_route=\/wp\/v2\/media\/553"}],"wp:attachment":[{"href":"https:\/\/riograndezac.gob.mx\/informatica\/index.php?rest_route=%2Fwp%2Fv2%2Fmedia&parent=552"}],"wp:term":[{"taxonomy":"category","embeddable":true,"href":"https:\/\/riograndezac.gob.mx\/informatica\/index.php?rest_route=%2Fwp%2Fv2%2Fcategories&post=552"},{"taxonomy":"post_tag","embeddable":true,"href":"https:\/\/riograndezac.gob.mx\/informatica\/index.php?rest_route=%2Fwp%2Fv2%2Ftags&post=552"}],"curies":[{"name":"wp","href":"https:\/\/api.w.org\/{rel}","templated":true}]}}