{"id":564,"date":"2015-06-29T15:54:23","date_gmt":"2015-06-29T15:54:23","guid":{"rendered":"http:\/\/riograndezac.gob.mx\/informatica\/?p=564"},"modified":"2015-06-29T15:55:18","modified_gmt":"2015-06-29T15:55:18","slug":"con-una-inversion-de-320-mil-822-pesos-correspondiente-al-plan-municipal-de-obra-de-rehabilita-la-cancha-de-la-escuela-primaria-ramon-lopez-velarde-de-rio-grande","status":"publish","type":"post","link":"https:\/\/riograndezac.gob.mx\/informatica\/?p=564","title":{"rendered":"Con una inversi\u00f3n de 320 mil 822 pesos correspondiente al Plan Municipal de Obra, de rehabilita la cancha de la escuela primaria Ram\u00f3n L\u00f3pez Velarde de R\u00edo Grande"},"content":{"rendered":"<p><img loading=\"lazy\" decoding=\"async\" id=\"__wp-temp-img-id\" class=\" aligncenter\" title=\"\" src=\"https:\/\/riograndezac.gob.mx\/informatica\/wp-content\/uploads\/2015\/06\/Primaria-Ramon-2.jpg\" alt=\"\" width=\"700\" height=\"525\" \/><\/p>\n<p>Con una inversi\u00f3n de 320 mil 822 pesos correspondiente al Plan Municipal de Obra, de rehabilita la cancha de la escuela primaria Ram\u00f3n L\u00f3pez Velarde de R\u00edo Grande, en donde en total se aplicaron 664 metros cuadrados de concreto hidr\u00e1ulico para la cancha de usos m\u00faltiples de la escuela Ram\u00f3n L\u00f3pez Velarde de esta cabecera.<\/p>\n<p>&nbsp;<\/p>\n<p>El primer mandatario municipal, Constantino Casta\u00f1eda Mu\u00f1oz, destac\u00f3 que al rehabilitar la cancha de la escuela Ram\u00f3n L\u00f3pez Velarde, se atienden las quejas tanto de padres de familia como de los directivos de la instituci\u00f3n, lo cual es nuestra principal tarea, ofrecer espacios de calidad para el sano desarrollo y esparcimiento de los ni\u00f1os, para formar buenos ciudadanos del futuro\u201d.<\/p>\n<p>&nbsp;<\/p>\n<p>\u201cTenemos el conocimiento de que la escuela Ram\u00f3n L\u00f3pez Velarde es de las mas longevas de esta demarcaci\u00f3n ya que su fundaci\u00f3n data desde el a\u00f1o de 1953 y desde entonces no hab\u00eda hecho alguna rehabilitaci\u00f3n a la cancha\u201d, as\u00ed lo comento Mar\u00eda Elo\u00edsa G\u00f3mez Ram\u00edrez quien es la directora de la instituci\u00f3n.<\/p>\n<p>&nbsp;<\/p>\n<p>Dijo que \u201cen estos 62 a\u00f1os, es la primera vez que se le da mantenimiento a la cancha de usos m\u00faltiples, esto sin dejar de lado que el a\u00f1o pasado hicimos la entrega del domo, lo que ha venido a beneficiar a las y los alumnos de 12 grupos de nivel primaria adem\u00e1s del que se dar\u00e1 a las futuras generaciones\u201d.<\/p>\n<p>&nbsp;<\/p>\n<p>Por parte de Casta\u00f1eda Mu\u00f1oz, dijo que \u201csabemos que a\u00fan hay mucho trabajo por hacer, hemos concluido parte del reencarpetamiento de las calles Insurgentes, Zaragoza, Independencia y la calle Alfonso Medina, como parte de los recursos que estamos buscando de manera extraordinaria en distintas dependencias estatales y federales\u201d.<\/p>\n<p>&nbsp;<\/p>\n<p>Finaliz\u00f3 enfatizando que en el tema de infraestructura escolar, se seguir\u00e1 trabajando para beneficio de las y los alumnos, pues el beneficio es quien lo recibe, de manera directa, por lo que agradeci\u00f3 el respaldo de padres de familia y docentes.<\/p>\n","protected":false},"excerpt":{"rendered":"<p>Por parte de Casta\u00f1eda Mu\u00f1oz, dijo que \u201csabemos que a\u00fan hay mucho trabajo por hacer, hemos concluido parte del reencarpetamiento de las calles Insurgentes, Zaragoza, Independencia y la calle Alfonso Medina<\/p>\n","protected":false},"author":1,"featured_media":565,"comment_status":"closed","ping_status":"closed","sticky":false,"template":"","format":"standard","meta":{"_monsterinsights_skip_tracking":false,"_monsterinsights_sitenote_active":false,"_monsterinsights_sitenote_note":"","_monsterinsights_sitenote_category":0,"footnotes":""},"categories":[4],"tags":[12,13,18],"class_list":["post-564","post","type-post","status-publish","format-standard","has-post-thumbnail","hentry","category-boletines","tag-comunicacion-social","tag-destacados","tag-gobierno-municipal-rio-grande"],"jetpack_featured_media_url":"https:\/\/riograndezac.gob.mx\/informatica\/wp-content\/uploads\/2015\/06\/Primaria-Ramon-2.jpg","_links":{"self":[{"href":"https:\/\/riograndezac.gob.mx\/informatica\/index.php?rest_route=\/wp\/v2\/posts\/564","targetHints":{"allow":["GET"]}}],"collection":[{"href":"https:\/\/riograndezac.gob.mx\/informatica\/index.php?rest_route=\/wp\/v2\/posts"}],"about":[{"href":"https:\/\/riograndezac.gob.mx\/informatica\/index.php?rest_route=\/wp\/v2\/types\/post"}],"author":[{"embeddable":true,"href":"https:\/\/riograndezac.gob.mx\/informatica\/index.php?rest_route=\/wp\/v2\/users\/1"}],"replies":[{"embeddable":true,"href":"https:\/\/riograndezac.gob.mx\/informatica\/index.php?rest_route=%2Fwp%2Fv2%2Fcomments&post=564"}],"version-history":[{"count":1,"href":"https:\/\/riograndezac.gob.mx\/informatica\/index.php?rest_route=\/wp\/v2\/posts\/564\/revisions"}],"predecessor-version":[{"id":566,"href":"https:\/\/riograndezac.gob.mx\/informatica\/index.php?rest_route=\/wp\/v2\/posts\/564\/revisions\/566"}],"wp:featuredmedia":[{"embeddable":true,"href":"https:\/\/riograndezac.gob.mx\/informatica\/index.php?rest_route=\/wp\/v2\/media\/565"}],"wp:attachment":[{"href":"https:\/\/riograndezac.gob.mx\/informatica\/index.php?rest_route=%2Fwp%2Fv2%2Fmedia&parent=564"}],"wp:term":[{"taxonomy":"category","embeddable":true,"href":"https:\/\/riograndezac.gob.mx\/informatica\/index.php?rest_route=%2Fwp%2Fv2%2Fcategories&post=564"},{"taxonomy":"post_tag","embeddable":true,"href":"https:\/\/riograndezac.gob.mx\/informatica\/index.php?rest_route=%2Fwp%2Fv2%2Ftags&post=564"}],"curies":[{"name":"wp","href":"https:\/\/api.w.org\/{rel}","templated":true}]}}