{"id":5643,"date":"2017-10-06T11:03:21","date_gmt":"2017-10-06T16:03:21","guid":{"rendered":"http:\/\/riograndezac.gob.mx\/informatica\/?p=5643"},"modified":"2017-10-06T11:03:21","modified_gmt":"2017-10-06T16:03:21","slug":"baltazar-alvarado-perez-originario-de-las-esperanzas-primer-dreamer-riograndense-en-ser-deportado","status":"publish","type":"post","link":"https:\/\/riograndezac.gob.mx\/informatica\/?p=5643","title":{"rendered":"Baltazar Alvarado Perez originario de las Esperanzas primer dreamer riograndense en ser deportado"},"content":{"rendered":"<p>&nbsp;<\/p>\n<p>A las 13;48 del 05 de agosto del 2017 en el Puente Internacional, Puerta de M\u00e9xico de Ciudad Acu\u00f1a, Coahuila horas, ingreso a M\u00e9xico en calidad de deportado el primer dreamer Zacatecano v\u00edctima del presidente de Estados Unidos Donald Trump, quien el pasado mes de septiembre diera un golpe fat\u00eddico al Programa de Acci\u00f3n Diferida para los Llegados en la Infancia (DACA, por sus siglas en ingl\u00e9s) y que dejara indefensos a cientos de miles de j\u00f3venes que, sin ser nacidos en Estados Unidos, ten\u00edan la protecci\u00f3n del gobierno gracias al programa implementado en el gobierno de Barak Obama.<\/p>\n<p>Baltazar Alvarado Perez de 32 a\u00f1os naci\u00f3 en la comunidad de las Esperanzas en el municipio de Rio Grande, llego a los estados unidos a la edad de 2 a\u00f1os y desde ese tiempo hasta ahora no hab\u00eda salido de ese pa\u00eds, hasta el momento en que fuera repatriado.<\/p>\n<p>\u201cCuando llegue me sent\u00ed muy asustado, pero gracias a dios llegue bien, vengo a conocer M\u00e9xico, nunca hab\u00eda venido aqu\u00ed, pero estoy ech\u00e1ndole ganas, esta es la primera vez que estoy en M\u00e9xico, tengo hermanos y familia y los quiero mucho y ellos me apoyan, aun no entiendo porque me deportaron, no s\u00e9 porque lo hicieron y aun no comprendo bien que est\u00e1 pasando; cuando me deportaron, yo ped\u00eda una traductora, porque no escucho bien, pero no me atendieron, me mandaron a migraci\u00f3n y luego a M\u00e9xico; a m\u00ed me gusta ense\u00f1ar mucho, aqu\u00ed voy a hacer una vida mejor que halla, voy a buscar apoyo para que me dejen ense\u00f1ar lo que yo aprend\u00ed en el norte, y con fe en Dios voy a salir adelante\u201d comento en entrevista Baltazar Perez momentos antes de entrevistarse con Julio Ramirez, Presidente de Rio Grande y quien en ese momento giro la instrucci\u00f3n para que se le apoyara<\/p>\n<p>Raquel Adriana Ferreyro directora del Departamento de Atenci\u00f3n al Migrante del Gobierno Municipal de R\u00edo Grande, atendi\u00f3 al dreamer riograndense y estableci\u00f3 el contacto con la secretaria del Zacatecano Migrante para que reciban al Baltazar Alvarado y se le otorgue el apoyo ofrecido por el gobierno del estado para estos caso, adem\u00e1s dijo \u201ctenemos la instrucci\u00f3n del alcalde Julio Cesar Ramirez para darle la atenci\u00f3n necesaria al joven y facilitarle los tramites que el necesita, de nuestra parte existe un compromiso con todos los migrantes a quienes vamos a atender de la mejor manera\u201d, concluyo<\/p>\n","protected":false},"excerpt":{"rendered":"<p>A las 13;48 del 05 de agosto del 2017 en el Puente Internacional, Puerta de M\u00e9xico de Ciudad Acu\u00f1a, Coahuila horas, ingreso a M\u00e9xico en calidad de deportado el primer dreamer Zacatecano v\u00edctima del presidente de Estados Unidos Donald Trump &#8230;<\/p>\n","protected":false},"author":1,"featured_media":5644,"comment_status":"closed","ping_status":"closed","sticky":false,"template":"","format":"standard","meta":{"_monsterinsights_skip_tracking":false,"_monsterinsights_sitenote_active":false,"_monsterinsights_sitenote_note":"","_monsterinsights_sitenote_category":0,"footnotes":""},"categories":[5],"tags":[12,98,18,79],"class_list":["post-5643","post","type-post","status-publish","format-standard","has-post-thumbnail","hentry","category-destacados","tag-comunicacion-social","tag-dreamer","tag-gobierno-municipal-rio-grande","tag-migrantes"],"jetpack_featured_media_url":"https:\/\/riograndezac.gob.mx\/informatica\/wp-content\/uploads\/2017\/10\/20171005_100306.jpg","_links":{"self":[{"href":"https:\/\/riograndezac.gob.mx\/informatica\/index.php?rest_route=\/wp\/v2\/posts\/5643","targetHints":{"allow":["GET"]}}],"collection":[{"href":"https:\/\/riograndezac.gob.mx\/informatica\/index.php?rest_route=\/wp\/v2\/posts"}],"about":[{"href":"https:\/\/riograndezac.gob.mx\/informatica\/index.php?rest_route=\/wp\/v2\/types\/post"}],"author":[{"embeddable":true,"href":"https:\/\/riograndezac.gob.mx\/informatica\/index.php?rest_route=\/wp\/v2\/users\/1"}],"replies":[{"embeddable":true,"href":"https:\/\/riograndezac.gob.mx\/informatica\/index.php?rest_route=%2Fwp%2Fv2%2Fcomments&post=5643"}],"version-history":[{"count":1,"href":"https:\/\/riograndezac.gob.mx\/informatica\/index.php?rest_route=\/wp\/v2\/posts\/5643\/revisions"}],"predecessor-version":[{"id":5645,"href":"https:\/\/riograndezac.gob.mx\/informatica\/index.php?rest_route=\/wp\/v2\/posts\/5643\/revisions\/5645"}],"wp:featuredmedia":[{"embeddable":true,"href":"https:\/\/riograndezac.gob.mx\/informatica\/index.php?rest_route=\/wp\/v2\/media\/5644"}],"wp:attachment":[{"href":"https:\/\/riograndezac.gob.mx\/informatica\/index.php?rest_route=%2Fwp%2Fv2%2Fmedia&parent=5643"}],"wp:term":[{"taxonomy":"category","embeddable":true,"href":"https:\/\/riograndezac.gob.mx\/informatica\/index.php?rest_route=%2Fwp%2Fv2%2Fcategories&post=5643"},{"taxonomy":"post_tag","embeddable":true,"href":"https:\/\/riograndezac.gob.mx\/informatica\/index.php?rest_route=%2Fwp%2Fv2%2Ftags&post=5643"}],"curies":[{"name":"wp","href":"https:\/\/api.w.org\/{rel}","templated":true}]}}